{"id":26103,"date":"2024-08-02T12:33:38","date_gmt":"2024-08-02T17:33:38","guid":{"rendered":"https:\/\/nexosmasuno.com\/?p=26103"},"modified":"2024-08-02T12:36:13","modified_gmt":"2024-08-02T17:36:13","slug":"accion-climatica-y-cadena-de-suministro","status":"publish","type":"post","link":"https:\/\/nexosmasuno.com\/en\/accion-climatica-y-cadena-de-suministro\/","title":{"rendered":"Climate action and supply chain"},"content":{"rendered":"<div data-elementor-type=\"wp-post\" data-elementor-id=\"26103\" class=\"elementor elementor-26103\" data-elementor-post-type=\"post\">\n\t\t\t\t\t\t<section class=\"elementor-section elementor-top-section elementor-element elementor-element-a10439c elementor-section-boxed elementor-section-height-default elementor-section-height-default\" data-id=\"a10439c\" data-element_type=\"section\" data-e-type=\"section\">\n\t\t\t\t\t\t<div class=\"elementor-container elementor-column-gap-default\">\n\t\t\t\t\t<div class=\"elementor-column elementor-col-100 elementor-top-column elementor-element elementor-element-b393314\" data-id=\"b393314\" data-element_type=\"column\" data-e-type=\"column\">\n\t\t\t<div class=\"elementor-widget-wrap elementor-element-populated\">\n\t\t\t\t\t\t<div class=\"elementor-element elementor-element-920c611 elementor-widget elementor-widget-heading\" data-id=\"920c611\" data-element_type=\"widget\" data-e-type=\"widget\" data-widget_type=\"heading.default\">\n\t\t\t\t<div class=\"elementor-widget-container\">\n\t\t\t\t\t<p class=\"elementor-heading-title elementor-size-default\">Pia Zevallos - Lib\u00e9lula General Manager<\/p>\t\t\t\t<\/div>\n\t\t\t\t<\/div>\n\t\t\t\t<div class=\"elementor-element elementor-element-bdd224c elementor-widget elementor-widget-text-editor\" data-id=\"bdd224c\" data-element_type=\"widget\" data-e-type=\"widget\" data-widget_type=\"text-editor.default\">\n\t\t\t\t<div class=\"elementor-widget-container\">\n\t\t\t\t\t\t\t\t\t<p><span style=\"font-weight: 400;\">A company's supply chain is the sum of all activities for the production, shipment and distribution of the products generated, from the procurement of raw materials to final delivery to the consumer through suppliers. According to the report Jobs in a Net-Zero Emissions Future in Latin America and the Caribbean (2020) micro, small and medium-sized enterprises (MSMEs) in Latin America and the Caribbean represent 99.5% of the region's companies and generate 61.1% of jobs, but only 24.6% of total productivity.<\/span><\/p><p><span style=\"font-weight: 400;\">The Organisation for Economic Co-operation and Development (OECD) estimates that SMEs account for between 60% and 70% of the industrial sector's GHG emissions, so they need to be integrated into the decarbonization strategies of the companies they serve. The report<\/span><i><span style=\"font-weight: 400;\"> Big Challenges, Simple Remedies <\/span><\/i><span style=\"font-weight: 400;\">2024 of the <\/span><i><span style=\"font-weight: 400;\">Carbon Disclosure Project <\/span><\/i><span style=\"font-weight: 400;\">(CDP), one of the world's leading sustainability reporting platforms, estimates that greenhouse gas emissions from a company's supply chain are 26 times more than emissions from its direct operations. This report also highlights the importance of incorporating the supply chain into carbon footprint measurements, considering that only 15% of organizations reporting to CDP have an emissions reduction target incorporated into their supply chain.<\/span><\/p><p><span style=\"font-weight: 400;\">The Intergovernmental Panel on Climate Change (IPCC), in its Synthesis Report 2023, leaves a clear message: the world needs to be carbon neutral by 2050.  To achieve this, greater efficiency in processes, a commitment to renewable energies and the involvement of suppliers are needed; this inclusion responds to the greater requirements of regulators and investors.  In Latin America and the Caribbean, reporting of supply chain emissions is not yet mandatory, unlike in Europe, which, as of this year, with the entry into force of the <\/span><i><span style=\"font-weight: 400;\">Corporate Sustainability Reporting Directive (CSRD) <\/span><\/i><span style=\"font-weight: 400;\">will impact more than 50,000 companies, which will have to report the environmental and social impacts of their main supply chain. The other factor is investor behavior; in a survey conducted in 2023 by Robeco of more than 300 investors, 62% indicated that climate change is an important axis for their investment policies.<\/span><\/p><p><span style=\"font-weight: 400;\">It is essential that companies integrate their entire supply chain into their strategies, including climate strategies. This involvement ranges from capacity building to sustainable sourcing criteria. In doing so, they not only amplify their impact, but also generate a powerful multiplier effect. This process begins when an organization works closely with its key suppliers, encouraging them to adopt sustainable practices but also accompanying them on their way to becoming more productive and profitable. In turn, these suppliers influence their own business partners, creating a chain of positive action. In this way, we can engage each link in the supply chain as an ally in the fight against climate change, while contributing to the productivity of SMEs and the generation of quality employment.<\/span><\/p><p>Published in\u00a0<b>Gesti\u00f3n Newspaper<\/b><\/p>\t\t\t\t\t\t\t\t<\/div>\n\t\t\t\t<\/div>\n\t\t\t\t\t<\/div>\n\t\t<\/div>\n\t\t\t\t\t<\/div>\n\t\t<\/section>\n\t\t\t\t<\/div>","protected":false},"excerpt":{"rendered":"<p>La cadena de suministro de una empresa es la suma de todas las actividades para la producci\u00f3n, env\u00edo y distribuci\u00f3n de los productos que se generan, desde la obtenci\u00f3n de materias primas hasta la entrega final al consumidor a trav\u00e9s de los proveedores.<\/p>","protected":false},"author":13,"featured_media":26104,"comment_status":"closed","ping_status":"closed","sticky":false,"template":"","format":"standard","meta":{"footnotes":""},"categories":[855],"tags":[],"pais":[],"tipo-de-nota":[],"formato":[],"class_list":["post-26103","post","type-post","status-publish","format-standard","has-post-thumbnail","hentry","category-cambio-climatico"],"_links":{"self":[{"href":"https:\/\/nexosmasuno.com\/en\/wp-json\/wp\/v2\/posts\/26103","targetHints":{"allow":["GET"]}}],"collection":[{"href":"https:\/\/nexosmasuno.com\/en\/wp-json\/wp\/v2\/posts"}],"about":[{"href":"https:\/\/nexosmasuno.com\/en\/wp-json\/wp\/v2\/types\/post"}],"author":[{"embeddable":true,"href":"https:\/\/nexosmasuno.com\/en\/wp-json\/wp\/v2\/users\/13"}],"replies":[{"embeddable":true,"href":"https:\/\/nexosmasuno.com\/en\/wp-json\/wp\/v2\/comments?post=26103"}],"version-history":[{"count":4,"href":"https:\/\/nexosmasuno.com\/en\/wp-json\/wp\/v2\/posts\/26103\/revisions"}],"predecessor-version":[{"id":26108,"href":"https:\/\/nexosmasuno.com\/en\/wp-json\/wp\/v2\/posts\/26103\/revisions\/26108"}],"wp:featuredmedia":[{"embeddable":true,"href":"https:\/\/nexosmasuno.com\/en\/wp-json\/wp\/v2\/media\/26104"}],"wp:attachment":[{"href":"https:\/\/nexosmasuno.com\/en\/wp-json\/wp\/v2\/media?parent=26103"}],"wp:term":[{"taxonomy":"category","embeddable":true,"href":"https:\/\/nexosmasuno.com\/en\/wp-json\/wp\/v2\/categories?post=26103"},{"taxonomy":"post_tag","embeddable":true,"href":"https:\/\/nexosmasuno.com\/en\/wp-json\/wp\/v2\/tags?post=26103"},{"taxonomy":"pais","embeddable":true,"href":"https:\/\/nexosmasuno.com\/en\/wp-json\/wp\/v2\/pais?post=26103"},{"taxonomy":"tipo-de-nota","embeddable":true,"href":"https:\/\/nexosmasuno.com\/en\/wp-json\/wp\/v2\/tipo-de-nota?post=26103"},{"taxonomy":"formato","embeddable":true,"href":"https:\/\/nexosmasuno.com\/en\/wp-json\/wp\/v2\/formato?post=26103"}],"curies":[{"name":"wp","href":"https:\/\/api.w.org\/{rel}","templated":true}]}}