{"id":23093,"date":"2023-07-21T08:58:06","date_gmt":"2023-07-21T13:58:06","guid":{"rendered":"https:\/\/nexosmasuno.com\/?p=23093"},"modified":"2024-09-25T16:08:05","modified_gmt":"2024-09-25T21:08:05","slug":"pacifico-seguros-suma-mas-personas-capacitadas-en-prevencion-de-riesgos-con-su-programa-comunidad-segura","status":"publish","type":"post","link":"https:\/\/nexosmasuno.com\/en\/pacifico-seguros-suma-mas-personas-capacitadas-en-prevencion-de-riesgos-con-su-programa-comunidad-segura\/","title":{"rendered":"Pac\u00edfico Seguros adds more people trained in risk prevention with its Comunidad Segura (Safe Community) program"},"content":{"rendered":"<div data-elementor-type=\"wp-post\" data-elementor-id=\"23093\" class=\"elementor elementor-23093\" data-elementor-post-type=\"post\">\n\t\t\t\t\t\t<section class=\"elementor-section elementor-top-section elementor-element elementor-element-a8bf355 elementor-section-boxed elementor-section-height-default elementor-section-height-default\" data-id=\"a8bf355\" data-element_type=\"section\" data-e-type=\"section\">\n\t\t\t\t\t\t<div class=\"elementor-container elementor-column-gap-default\">\n\t\t\t\t\t<div class=\"elementor-column elementor-col-100 elementor-top-column elementor-element elementor-element-74cb24f\" data-id=\"74cb24f\" data-element_type=\"column\" data-e-type=\"column\">\n\t\t\t<div class=\"elementor-widget-wrap elementor-element-populated\">\n\t\t\t\t\t\t<div class=\"elementor-element elementor-element-4ad7492 elementor-widget elementor-widget-text-editor\" data-id=\"4ad7492\" data-element_type=\"widget\" data-e-type=\"widget\" data-widget_type=\"text-editor.default\">\n\t\t\t\t<div class=\"elementor-widget-container\">\n\t\t\t\t\t\t\t\t\t<ul><li aria-level=\"1\"><b><i>This year, two prevention fairs were held in the district of La Victoria, in the Mancco Capac and Gamarra squares, respectively.<\/i><\/b><\/li><\/ul><ul><li aria-level=\"1\"><b><i>Comunidad Segura has trained +28 thousand people since 2022.<\/i><\/b><\/li><\/ul><p>\u00a0<\/p><p><span style=\"font-weight: 400;\">Aware of the importance of being prepared for different situations in people's daily lives, Pac\u00edfico Seguros has Comunidad Segura, its social impact program that encourages families and entrepreneurs to improve their prevention capabilities. This year it has held two fairs in the district of La Victoria.<\/span><\/p><p><b>Training for entrepreneurs<\/b><\/p><p><span style=\"font-weight: 400;\">Last Saturday, July 8, more than 350 people participated in the Great Environmental Entrepreneurial Fair La Victoria 2023, where they received training on business formalization, risk management, environmental management and management of social networks. It had the support of the Municipality of La Victoria and the presence of Protege 365 (a digital platform for business risk management from Pac\u00edfico Seguros), Contigo Emprendedor and Crece (from BCP), Mibanco and the University of Lima. Also bringing insurance options at an affordable cost to the attendees.<\/span><\/p><p><span style=\"font-weight: 400;\">6 out of 10 entrepreneurs were individuals with a business, highlighting the importance of accessing the necessary knowledge to promote their ventures. At the end of the fair, 97% of the attendees stated that they were satisfied and very satisfied with the development of the fair.<\/span><\/p><blockquote><p><span style=\"font-weight: 400;\">\"The fair was very interesting and enriching because of the variety of opportunities for entrepreneurs like me. I learned aspects of prevention, which I often underestimate. I hope to participate in more events to continue preparing myself to protect my business and my family,\" shares Marielys Babera, a textile entrepreneur who participated in the fair.<\/span><\/p><\/blockquote><p><span style=\"font-weight: 400;\">As this was also an environmental event, Pacifico measured its CO2 emissions and offset 100% of its carbon footprint.<\/span><\/p><p><b>Home Hazard Preparedness<\/b><\/p><p><span style=\"font-weight: 400;\">On March 19, the Risk Prevention at Home Fair was held, which was attended by more than 340 people, who learned how to prepare for earthquakes, how to make a family emergency plan, prevent electrical hazards and other useful tips to apply at home. It was supported by the Municipality of La Victoria, INDECI, the Ministry of Women and Vulnerable Populations, and Gloria, a client company of Pacifico.<\/span><\/p><p><span style=\"font-weight: 400;\">99.10% of the attendees perceived themselves as prepared or very prepared to prevent risks in their home after the fair.<\/span><\/p><blockquote><p><span style=\"font-weight: 400;\">\"Since 2022, we have trained approximately 28 thousand people in fairs and workshops with Comunidad Segura, which shows the commitment to protect people's happiness also from the prevention and preparation approach. We are grateful to all the companies and organizations that have joined the initiative,\" said Jorge Lazo Arias, Corporate Affairs and Sustainability Manager of Pac\u00edfico Seguros.<\/span><\/p><\/blockquote>\t\t\t\t\t\t\t\t<\/div>\n\t\t\t\t<\/div>\n\t\t\t\t<div class=\"elementor-element elementor-element-496639d elementor-widget elementor-widget-image\" data-id=\"496639d\" data-element_type=\"widget\" data-e-type=\"widget\" data-widget_type=\"image.default\">\n\t\t\t\t<div class=\"elementor-widget-container\">\n\t\t\t\t\t\t\t\t\t\t\t\t\t\t\t<img fetchpriority=\"high\" decoding=\"async\" width=\"800\" height=\"600\" src=\"https:\/\/nexosmasuno.com\/wp-content\/uploads\/2023\/07\/Feria-CS-1-1024x768.jpg\" class=\"attachment-large size-large wp-image-23095\" alt=\"\" srcset=\"https:\/\/nexosmasuno.com\/wp-content\/uploads\/2023\/07\/Feria-CS-1-1024x768.jpg 1024w, https:\/\/nexosmasuno.com\/wp-content\/uploads\/2023\/07\/Feria-CS-1-300x225.jpg 300w, https:\/\/nexosmasuno.com\/wp-content\/uploads\/2023\/07\/Feria-CS-1-768x576.jpg 768w, https:\/\/nexosmasuno.com\/wp-content\/uploads\/2023\/07\/Feria-CS-1-1536x1152.jpg 1536w, https:\/\/nexosmasuno.com\/wp-content\/uploads\/2023\/07\/Feria-CS-1-2048x1536.jpg 2048w\" sizes=\"(max-width: 800px) 100vw, 800px\" \/>\t\t\t\t\t\t\t\t\t\t\t\t\t\t\t<\/div>\n\t\t\t\t<\/div>\n\t\t\t\t\t<\/div>\n\t\t<\/div>\n\t\t\t\t\t<\/div>\n\t\t<\/section>\n\t\t\t\t<\/div>","protected":false},"excerpt":{"rendered":"<p>Desde el 2022, ha logrado capacitar a +28 mil personas con ferias y talleres, sumando ahora la \u00faltima feria de Comunidad Segura \u00abGran Feria Emprendedora Ambiental La Victoria 2023\u00bb, que cont\u00f3 con cientos de asistentes, los cuales aprendieron sobre formalizaci\u00f3n de negocios, prevenci\u00f3n de riesgos, manejo de redes sociales y m\u00e1s. Gracias al apoyo de la Municipalidad de La Victoria y la participaci\u00f3n de BCP, Mibanco y la Universidad de Lima.<\/p>","protected":false},"author":13,"featured_media":23094,"comment_status":"closed","ping_status":"closed","sticky":false,"template":"","format":"standard","meta":{"footnotes":""},"categories":[125],"tags":[],"pais":[],"tipo-de-nota":[903],"formato":[56],"class_list":["post-23093","post","type-post","status-publish","format-standard","has-post-thumbnail","hentry","category-comunidades","tipo-de-nota-para-miembros","formato-articulo"],"_links":{"self":[{"href":"https:\/\/nexosmasuno.com\/en\/wp-json\/wp\/v2\/posts\/23093","targetHints":{"allow":["GET"]}}],"collection":[{"href":"https:\/\/nexosmasuno.com\/en\/wp-json\/wp\/v2\/posts"}],"about":[{"href":"https:\/\/nexosmasuno.com\/en\/wp-json\/wp\/v2\/types\/post"}],"author":[{"embeddable":true,"href":"https:\/\/nexosmasuno.com\/en\/wp-json\/wp\/v2\/users\/13"}],"replies":[{"embeddable":true,"href":"https:\/\/nexosmasuno.com\/en\/wp-json\/wp\/v2\/comments?post=23093"}],"version-history":[{"count":8,"href":"https:\/\/nexosmasuno.com\/en\/wp-json\/wp\/v2\/posts\/23093\/revisions"}],"predecessor-version":[{"id":23104,"href":"https:\/\/nexosmasuno.com\/en\/wp-json\/wp\/v2\/posts\/23093\/revisions\/23104"}],"wp:featuredmedia":[{"embeddable":true,"href":"https:\/\/nexosmasuno.com\/en\/wp-json\/wp\/v2\/media\/23094"}],"wp:attachment":[{"href":"https:\/\/nexosmasuno.com\/en\/wp-json\/wp\/v2\/media?parent=23093"}],"wp:term":[{"taxonomy":"category","embeddable":true,"href":"https:\/\/nexosmasuno.com\/en\/wp-json\/wp\/v2\/categories?post=23093"},{"taxonomy":"post_tag","embeddable":true,"href":"https:\/\/nexosmasuno.com\/en\/wp-json\/wp\/v2\/tags?post=23093"},{"taxonomy":"pais","embeddable":true,"href":"https:\/\/nexosmasuno.com\/en\/wp-json\/wp\/v2\/pais?post=23093"},{"taxonomy":"tipo-de-nota","embeddable":true,"href":"https:\/\/nexosmasuno.com\/en\/wp-json\/wp\/v2\/tipo-de-nota?post=23093"},{"taxonomy":"formato","embeddable":true,"href":"https:\/\/nexosmasuno.com\/en\/wp-json\/wp\/v2\/formato?post=23093"}],"curies":[{"name":"wp","href":"https:\/\/api.w.org\/{rel}","templated":true}]}}