{"id":1504,"date":"2020-10-14T18:05:32","date_gmt":"2020-10-14T23:05:32","guid":{"rendered":"http:\/\/nexosmasuno.pe\/membresia\/?p=1504"},"modified":"2020-10-14T18:05:32","modified_gmt":"2020-10-14T23:05:32","slug":"latam-sustainable-investment-summit","status":"publish","type":"post","link":"https:\/\/nexosmasuno.com\/en\/latam-sustainable-investment-summit\/","title":{"rendered":"Sustainable investments in Latin America"},"content":{"rendered":"<div data-elementor-type=\"wp-post\" data-elementor-id=\"1504\" class=\"elementor elementor-1504\" data-elementor-post-type=\"post\">\n\t\t\t\t\t\t<section class=\"elementor-section elementor-top-section elementor-element elementor-element-85ef4fc elementor-section-boxed elementor-section-height-default elementor-section-height-default\" data-id=\"85ef4fc\" data-element_type=\"section\" data-e-type=\"section\">\n\t\t\t\t\t\t<div class=\"elementor-container elementor-column-gap-default\">\n\t\t\t\t\t<div class=\"elementor-column elementor-col-100 elementor-top-column elementor-element elementor-element-e5d4a13\" data-id=\"e5d4a13\" data-element_type=\"column\" data-e-type=\"column\">\n\t\t\t<div class=\"elementor-widget-wrap elementor-element-populated\">\n\t\t\t\t\t\t<div class=\"elementor-element elementor-element-425bd49 elementor-widget elementor-widget-text-editor\" data-id=\"425bd49\" data-element_type=\"widget\" data-e-type=\"widget\" data-widget_type=\"text-editor.default\">\n\t\t\t\t<div class=\"elementor-widget-container\">\n\t\t\t\t\t\t\t\t\t<p>The second Latin American Virtual Summit on Energy Transition, Smart Mobility and Sustainability, <a href=\"https:\/\/www.investinlatam.org\/\" target=\"_blank\" rel=\"noopener\"><strong>Latam Sustainable Investment Virtual Summit<\/strong><\/a>, The meeting was designed to address the future of the energy sector, sustainable mobility and sustainability policies in Ibero-America.<\/p><p>Among the main topics addressed were decentralization, digitalization, integration of renewables into the grid, storage, hydrogen, Smart Cities, Electric Mobility and Charging Infrastructure, smart mobility, circular economy, sustainable investments and the post-COVID-19 outlook.<\/p>\t\t\t\t\t\t\t\t<\/div>\n\t\t\t\t<\/div>\n\t\t\t\t<div class=\"elementor-element elementor-element-809b6ad elementor-widget elementor-widget-heading\" data-id=\"809b6ad\" data-element_type=\"widget\" data-e-type=\"widget\" data-widget_type=\"heading.default\">\n\t\t\t\t<div class=\"elementor-widget-container\">\n\t\t\t\t\t<h3 class=\"elementor-heading-title elementor-size-default\">See all the presentations here:<\/h3>\t\t\t\t<\/div>\n\t\t\t\t<\/div>\n\t\t\t\t<div class=\"elementor-element elementor-element-846eee8 elementor-view-default elementor-widget elementor-widget-icon\" data-id=\"846eee8\" data-element_type=\"widget\" data-e-type=\"widget\" data-widget_type=\"icon.default\">\n\t\t\t\t<div class=\"elementor-widget-container\">\n\t\t\t\t\t\t\t<div class=\"elementor-icon-wrapper\">\n\t\t\t<div class=\"elementor-icon\">\n\t\t\t<i aria-hidden=\"true\" class=\"far fa-lightbulb\"><\/i>\t\t\t<\/div>\n\t\t<\/div>\n\t\t\t\t\t\t<\/div>\n\t\t\t\t<\/div>\n\t\t\t\t<div class=\"elementor-element elementor-element-ad82bc6 elementor-widget elementor-widget-heading\" data-id=\"ad82bc6\" data-element_type=\"widget\" data-e-type=\"widget\" data-widget_type=\"heading.default\">\n\t\t\t\t<div class=\"elementor-widget-container\">\n\t\t\t\t\t<h2 class=\"elementor-heading-title elementor-size-default\">Day 1: Renewable Energies<\/h2>\t\t\t\t<\/div>\n\t\t\t\t<\/div>\n\t\t\t\t<div class=\"elementor-element elementor-element-6e7bb8d elementor-widget elementor-widget-text-editor\" data-id=\"6e7bb8d\" data-element_type=\"widget\" data-e-type=\"widget\" data-widget_type=\"text-editor.default\">\n\t\t\t\t<div class=\"elementor-widget-container\">\n\t\t\t\t\t\t\t\t\t<p>Panels:<\/p><ul><li>The situation of the energy sector in Ibero-America: Vision of public sector leaders.<\/li><li>The future of solar energy in Latin America: Risks and opportunities.<\/li><li>The future of Utilities in the context of the energy transition.<\/li><li>New Technologies for Investment Optimization in Photovoltaic Plants.<\/li><li>The value chain of the renewable energy sector in Latin America: Development, Construction and Operation.<\/li><li>The importance of sustainable finance.<\/li><li>The electricity grid of the future: Integration of Renewables, Storage and Smart Grids.<\/li><\/ul>\t\t\t\t\t\t\t\t<\/div>\n\t\t\t\t<\/div>\n\t\t\t\t<div class=\"elementor-element elementor-element-e3bcc50 elementor-widget elementor-widget-video\" data-id=\"e3bcc50\" data-element_type=\"widget\" data-e-type=\"widget\" data-settings=\"{&quot;youtube_url&quot;:&quot;https:\\\/\\\/www.youtube.com\\\/watch?v=8zedN_cFhKI&quot;,&quot;video_type&quot;:&quot;youtube&quot;,&quot;controls&quot;:&quot;yes&quot;}\" data-widget_type=\"video.default\">\n\t\t\t\t<div class=\"elementor-widget-container\">\n\t\t\t\t\t\t\t<div class=\"elementor-wrapper elementor-open-inline\">\n\t\t\t<div class=\"elementor-video\"><\/div>\t\t<\/div>\n\t\t\t\t\t\t<\/div>\n\t\t\t\t<\/div>\n\t\t\t\t<div class=\"elementor-element elementor-element-75bbd6b elementor-view-default elementor-widget elementor-widget-icon\" data-id=\"75bbd6b\" data-element_type=\"widget\" data-e-type=\"widget\" data-widget_type=\"icon.default\">\n\t\t\t\t<div class=\"elementor-widget-container\">\n\t\t\t\t\t\t\t<div class=\"elementor-icon-wrapper\">\n\t\t\t<div class=\"elementor-icon\">\n\t\t\t<i aria-hidden=\"true\" class=\"fas fa-car-alt\"><\/i>\t\t\t<\/div>\n\t\t<\/div>\n\t\t\t\t\t\t<\/div>\n\t\t\t\t<\/div>\n\t\t\t\t<div class=\"elementor-element elementor-element-1544cbc elementor-widget elementor-widget-heading\" data-id=\"1544cbc\" data-element_type=\"widget\" data-e-type=\"widget\" data-widget_type=\"heading.default\">\n\t\t\t\t<div class=\"elementor-widget-container\">\n\t\t\t\t\t<h2 class=\"elementor-heading-title elementor-size-default\">Day 2: Sustainable Mobility<\/h2>\t\t\t\t<\/div>\n\t\t\t\t<\/div>\n\t\t\t\t<div class=\"elementor-element elementor-element-8341c98 elementor-widget elementor-widget-text-editor\" data-id=\"8341c98\" data-element_type=\"widget\" data-e-type=\"widget\" data-widget_type=\"text-editor.default\">\n\t\t\t\t<div class=\"elementor-widget-container\">\n\t\t\t\t\t\t\t\t\t<p>Panels:<\/p>\n<ul>\n<li>Perspectives for Sustainable Mobility in Ibero-America: Vision of the public sector.<\/li>\n<li>Applying MaaS principles to build better transportation systems Post-COVID.<\/li>\n<li>The Future of Mobility: Smart, Shared and Urban.<\/li>\n<li>The Porsche case.<\/li>\n<li>The Sustainable Mobility opportunity for energy companies.<\/li>\n<li>Innovation and development in the mobility sector in Latin America: The take-off of Electric Vehicles, Electric Buses, Charging Infrastructure and Batteries.<\/li>\n<\/ul>\t\t\t\t\t\t\t\t<\/div>\n\t\t\t\t<\/div>\n\t\t\t\t<div class=\"elementor-element elementor-element-a0c2074 elementor-widget elementor-widget-video\" data-id=\"a0c2074\" data-element_type=\"widget\" data-e-type=\"widget\" data-settings=\"{&quot;youtube_url&quot;:&quot;https:\\\/\\\/www.youtube.com\\\/watch?v=2lU6Gjkxx9k&quot;,&quot;video_type&quot;:&quot;youtube&quot;,&quot;controls&quot;:&quot;yes&quot;}\" data-widget_type=\"video.default\">\n\t\t\t\t<div class=\"elementor-widget-container\">\n\t\t\t\t\t\t\t<div class=\"elementor-wrapper elementor-open-inline\">\n\t\t\t<div class=\"elementor-video\"><\/div>\t\t<\/div>\n\t\t\t\t\t\t<\/div>\n\t\t\t\t<\/div>\n\t\t\t\t<div class=\"elementor-element elementor-element-a1644aa elementor-view-default elementor-widget elementor-widget-icon\" data-id=\"a1644aa\" data-element_type=\"widget\" data-e-type=\"widget\" data-widget_type=\"icon.default\">\n\t\t\t\t<div class=\"elementor-widget-container\">\n\t\t\t\t\t\t\t<div class=\"elementor-icon-wrapper\">\n\t\t\t<div class=\"elementor-icon\">\n\t\t\t<i aria-hidden=\"true\" class=\"fas fa-circle-notch\"><\/i>\t\t\t<\/div>\n\t\t<\/div>\n\t\t\t\t\t\t<\/div>\n\t\t\t\t<\/div>\n\t\t\t\t<div class=\"elementor-element elementor-element-499a15d elementor-widget elementor-widget-heading\" data-id=\"499a15d\" data-element_type=\"widget\" data-e-type=\"widget\" data-widget_type=\"heading.default\">\n\t\t\t\t<div class=\"elementor-widget-container\">\n\t\t\t\t\t<h2 class=\"elementor-heading-title elementor-size-default\">Day 3: Sustainability<\/h2>\t\t\t\t<\/div>\n\t\t\t\t<\/div>\n\t\t\t\t<div class=\"elementor-element elementor-element-7bc41f2 elementor-widget elementor-widget-text-editor\" data-id=\"7bc41f2\" data-element_type=\"widget\" data-e-type=\"widget\" data-widget_type=\"text-editor.default\">\n\t\t\t\t<div class=\"elementor-widget-container\">\n\t\t\t\t\t\t\t\t\t<p>Panels:<\/p><ul><li>Towards a Lower Carbon Economy in Latin America: Vision of the Public Sector.<\/li><li>Sustainable transition in Latin American companies.<\/li><li>BlackRock case.<\/li><li>Circular Economy Strategies: Packaging, Water etc.<\/li><li>Impacts of Daily Food on the Environment.<\/li><li>Sustainable fashion: Vector of change.<\/li><\/ul>\t\t\t\t\t\t\t\t<\/div>\n\t\t\t\t<\/div>\n\t\t\t\t<div class=\"elementor-element elementor-element-abaeafd elementor-widget elementor-widget-video\" data-id=\"abaeafd\" data-element_type=\"widget\" data-e-type=\"widget\" data-settings=\"{&quot;youtube_url&quot;:&quot;https:\\\/\\\/www.youtube.com\\\/watch?v=Wq1AHB3zrFo&quot;,&quot;video_type&quot;:&quot;youtube&quot;,&quot;controls&quot;:&quot;yes&quot;}\" data-widget_type=\"video.default\">\n\t\t\t\t<div class=\"elementor-widget-container\">\n\t\t\t\t\t\t\t<div class=\"elementor-wrapper elementor-open-inline\">\n\t\t\t<div class=\"elementor-video\"><\/div>\t\t<\/div>\n\t\t\t\t\t\t<\/div>\n\t\t\t\t<\/div>\n\t\t\t\t<div class=\"elementor-element elementor-element-2950f18 elementor-cta--skin-cover elementor-animated-content elementor-bg-transform elementor-bg-transform-zoom-in elementor-invisible elementor-widget elementor-widget-call-to-action\" data-id=\"2950f18\" data-element_type=\"widget\" data-e-type=\"widget\" data-settings=\"{&quot;_animation&quot;:&quot;bounceIn&quot;}\" data-widget_type=\"call-to-action.default\">\n\t\t\t\t<div class=\"elementor-widget-container\">\n\t\t\t\t\t\t\t<div class=\"elementor-cta\">\n\t\t\t\t\t<div class=\"elementor-cta__bg-wrapper\">\n\t\t\t\t<div class=\"elementor-cta__bg elementor-bg\" style=\"background-image: url(https:\/\/nexosmasuno.com\/wp-content\/uploads\/2020\/02\/neutral.jpg);\" role=\"img\" aria-label=\"neutral\"><\/div>\n\t\t\t\t<div class=\"elementor-cta__bg-overlay\"><\/div>\n\t\t\t<\/div>\n\t\t\t\t\t\t\t<div class=\"elementor-cta__content\">\n\t\t\t\t\n\t\t\t\t\t\t\t\t\t<h2 class=\"elementor-cta__title elementor-cta__content-item elementor-content-item elementor-animated-item--grow\">\n\t\t\t\t\t\tJoin our community\t\t\t\t\t<\/h2>\n\t\t\t\t\n\t\t\t\t\t\t\t\t\t<div class=\"elementor-cta__description elementor-cta__content-item elementor-content-item elementor-animated-item--grow\">\n\t\t\t\t\t\tTo receive sustainability trends and news on climate change\t\t\t\t\t<\/div>\n\t\t\t\t\n\t\t\t\t\t\t\t\t\t<div class=\"elementor-cta__button-wrapper elementor-cta__content-item elementor-content-item elementor-animated-item--grow\">\n\t\t\t\t\t<a class=\"elementor-cta__button elementor-button elementor-size-\" href=\"https:\/\/nexosmasuno.com\/en\/suscribete\/\">\n\t\t\t\t\t\tSubscribe\t\t\t\t\t<\/a>\n\t\t\t\t\t<\/div>\n\t\t\t\t\t\t\t<\/div>\n\t\t\t\t\t\t\t<div class=\"elementor-ribbon elementor-ribbon-left\">\n\t\t\t\t<div class=\"elementor-ribbon-inner\">\n\t\t\t\t\tnexos+1 news\t\t\t\t<\/div>\n\t\t\t<\/div>\n\t\t\t\t<\/div>\n\t\t\t\t\t\t<\/div>\n\t\t\t\t<\/div>\n\t\t\t\t\t<\/div>\n\t\t<\/div>\n\t\t\t\t\t<\/div>\n\t\t<\/section>\n\t\t\t\t<\/div>","protected":false},"excerpt":{"rendered":"<p>Encuentra los principales paneles del Latam Sustainable Investment Virtual Summit, donde l\u00edderes de la regi\u00f3n hablaron sobre el futuro del sector energ\u00e9tico, la movilidad sostenible y las pol\u00edticas de sostenibilidad en Iberoam\u00e9rica.<\/p>","protected":false},"author":8,"featured_media":1512,"comment_status":"closed","ping_status":"closed","sticky":false,"template":"","format":"standard","meta":{"footnotes":""},"categories":[333],"tags":[],"pais":[],"tipo-de-nota":[],"formato":[],"class_list":["post-1504","post","type-post","status-publish","format-standard","has-post-thumbnail","hentry","category-eventos"],"_links":{"self":[{"href":"https:\/\/nexosmasuno.com\/en\/wp-json\/wp\/v2\/posts\/1504","targetHints":{"allow":["GET"]}}],"collection":[{"href":"https:\/\/nexosmasuno.com\/en\/wp-json\/wp\/v2\/posts"}],"about":[{"href":"https:\/\/nexosmasuno.com\/en\/wp-json\/wp\/v2\/types\/post"}],"author":[{"embeddable":true,"href":"https:\/\/nexosmasuno.com\/en\/wp-json\/wp\/v2\/users\/8"}],"replies":[{"embeddable":true,"href":"https:\/\/nexosmasuno.com\/en\/wp-json\/wp\/v2\/comments?post=1504"}],"version-history":[{"count":0,"href":"https:\/\/nexosmasuno.com\/en\/wp-json\/wp\/v2\/posts\/1504\/revisions"}],"wp:featuredmedia":[{"embeddable":true,"href":"https:\/\/nexosmasuno.com\/en\/wp-json\/wp\/v2\/media\/1512"}],"wp:attachment":[{"href":"https:\/\/nexosmasuno.com\/en\/wp-json\/wp\/v2\/media?parent=1504"}],"wp:term":[{"taxonomy":"category","embeddable":true,"href":"https:\/\/nexosmasuno.com\/en\/wp-json\/wp\/v2\/categories?post=1504"},{"taxonomy":"post_tag","embeddable":true,"href":"https:\/\/nexosmasuno.com\/en\/wp-json\/wp\/v2\/tags?post=1504"},{"taxonomy":"pais","embeddable":true,"href":"https:\/\/nexosmasuno.com\/en\/wp-json\/wp\/v2\/pais?post=1504"},{"taxonomy":"tipo-de-nota","embeddable":true,"href":"https:\/\/nexosmasuno.com\/en\/wp-json\/wp\/v2\/tipo-de-nota?post=1504"},{"taxonomy":"formato","embeddable":true,"href":"https:\/\/nexosmasuno.com\/en\/wp-json\/wp\/v2\/formato?post=1504"}],"curies":[{"name":"wp","href":"https:\/\/api.w.org\/{rel}","templated":true}]}}