{"id":12097,"date":"2021-07-05T19:28:16","date_gmt":"2021-07-06T00:28:16","guid":{"rendered":"https:\/\/nexosmasuno.pe\/?p=12097"},"modified":"2023-02-27T23:03:29","modified_gmt":"2023-02-28T04:03:29","slug":"cambio-climatico-oportunidad-negocio-nexos-news","status":"publish","type":"post","link":"https:\/\/nexosmasuno.com\/en\/cambio-climatico-oportunidad-negocio-nexos-news\/","title":{"rendered":"Climate change as a business opportunity | nexos+1 NEWS"},"content":{"rendered":"\t\t<div data-elementor-type=\"wp-post\" data-elementor-id=\"12097\" class=\"elementor elementor-12097\" data-elementor-post-type=\"post\">\n\t\t\t\t\t\t<section class=\"elementor-section elementor-top-section elementor-element elementor-element-9cf4990 elementor-section-boxed elementor-section-height-default elementor-section-height-default\" data-id=\"9cf4990\" data-element_type=\"section\" data-e-type=\"section\">\n\t\t\t\t\t\t<div class=\"elementor-container elementor-column-gap-default\">\n\t\t\t\t\t<div class=\"elementor-column elementor-col-100 elementor-top-column elementor-element elementor-element-d9de643\" data-id=\"d9de643\" data-element_type=\"column\" data-e-type=\"column\">\n\t\t\t<div class=\"elementor-widget-wrap elementor-element-populated\">\n\t\t\t\t\t\t<div class=\"elementor-element elementor-element-7d57847 elementor-widget elementor-widget-image\" data-id=\"7d57847\" data-element_type=\"widget\" data-e-type=\"widget\" data-widget_type=\"image.default\">\n\t\t\t\t<div class=\"elementor-widget-container\">\n\t\t\t\t\t\t\t\t\t\t\t\t\t\t\t\t<a href=\"https:\/\/www.elmundo.es\/ciencia-y-salud\/medio-ambiente\/2021\/04\/22\/60816c1021efa001678b4607.html\" target=\"_blank\" rel=\"noopener\">\n\t\t\t\t\t\t\t<img fetchpriority=\"high\" decoding=\"async\" width=\"800\" height=\"131\" src=\"https:\/\/nexosmasuno.com\/wp-content\/uploads\/2021\/07\/01.png\" class=\"attachment-large size-large wp-image-12099\" alt=\"\" srcset=\"https:\/\/nexosmasuno.com\/wp-content\/uploads\/2021\/07\/01.png 900w, https:\/\/nexosmasuno.com\/wp-content\/uploads\/2021\/07\/01-300x49.png 300w, https:\/\/nexosmasuno.com\/wp-content\/uploads\/2021\/07\/01-768x125.png 768w\" sizes=\"(max-width: 800px) 100vw, 800px\" \/>\t\t\t\t\t\t\t\t<\/a>\n\t\t\t\t\t\t\t\t\t\t\t\t\t\t\t<\/div>\n\t\t\t\t<\/div>\n\t\t\t\t<div class=\"elementor-element elementor-element-95b6a26 elementor-widget elementor-widget-image\" data-id=\"95b6a26\" data-element_type=\"widget\" data-e-type=\"widget\" data-widget_type=\"image.default\">\n\t\t\t\t<div class=\"elementor-widget-container\">\n\t\t\t\t\t\t\t\t\t\t\t\t\t\t\t\t<a href=\"https:\/\/www.eltiempo.com\/vida\/medio-ambiente\/el-cambio-climatico-amenaza-un-tercio-de-la-produccion-de-alimentos-589040\" target=\"_blank\" rel=\"noopener\">\n\t\t\t\t\t\t\t<img decoding=\"async\" width=\"800\" height=\"370\" src=\"https:\/\/nexosmasuno.com\/wp-content\/uploads\/2021\/07\/02.png\" class=\"attachment-large size-large wp-image-12100\" alt=\"\" srcset=\"https:\/\/nexosmasuno.com\/wp-content\/uploads\/2021\/07\/02.png 900w, https:\/\/nexosmasuno.com\/wp-content\/uploads\/2021\/07\/02-300x139.png 300w, https:\/\/nexosmasuno.com\/wp-content\/uploads\/2021\/07\/02-768x355.png 768w\" sizes=\"(max-width: 800px) 100vw, 800px\" \/>\t\t\t\t\t\t\t\t<\/a>\n\t\t\t\t\t\t\t\t\t\t\t\t\t\t\t<\/div>\n\t\t\t\t<\/div>\n\t\t\t\t<div class=\"elementor-element elementor-element-c8829c4 elementor-widget elementor-widget-text-editor\" data-id=\"c8829c4\" data-element_type=\"widget\" data-e-type=\"widget\" data-widget_type=\"text-editor.default\">\n\t\t\t\t<div class=\"elementor-widget-container\">\n\t\t\t\t\t\t\t\t\t<h3>\u00abLa buena noticia es que s\u00f3lo una fracci\u00f3n de la producci\u00f3n de alimentos se enfrentar\u00eda a condiciones a\u00fan no vistas si reducimos colectivamente las emisiones&#8230;\u201d<\/h3><h4>-Matti Kummu-<\/h4><p>Seg\u00fan un estudio de la Universidad de Aalto publicado en One Earth, es probable que un tercio de la producci\u00f3n de alimentos se vea afectada si las emisiones de di\u00f3xido de carbono contin\u00faan creciendo al ritmo actual.Los investigadores\u00a0evaluaron c\u00f3mo afectar\u00eda el cambio clim\u00e1tico a 27 de los cultivos alimentarios m\u00e1s importantes y a siete tipos de ganado diferentes. Determinaron que s\u00f3lo en\u00a0<strong>52 de los 177 pa\u00edses estudiados<\/strong>, la producci\u00f3n de alimentos permanecer\u00eda en un\u00a0espacio clim\u00e1tico \u00abseguro\u00bb en el futuro.\u00a0<\/p>\t\t\t\t\t\t\t\t<\/div>\n\t\t\t\t<\/div>\n\t\t\t\t<div class=\"elementor-element elementor-element-b64c7fd elementor-button-info elementor-align-center elementor-widget elementor-widget-button\" data-id=\"b64c7fd\" data-element_type=\"widget\" data-e-type=\"widget\" data-widget_type=\"button.default\">\n\t\t\t\t<div class=\"elementor-widget-container\">\n\t\t\t\t\t\t\t\t\t<div class=\"elementor-button-wrapper\">\n\t\t\t\t\t<a class=\"elementor-button elementor-button-link elementor-size-sm\" href=\"https:\/\/www.eltiempo.com\/vida\/medio-ambiente\/el-cambio-climatico-amenaza-un-tercio-de-la-produccion-de-alimentos-589040\" target=\"_blank\" rel=\"noopener\">\n\t\t\t\t\t\t<span class=\"elementor-button-content-wrapper\">\n\t\t\t\t\t\t\t\t\t<span class=\"elementor-button-text\">Lee m\u00e1s aqu\u00ed<\/span>\n\t\t\t\t\t<\/span>\n\t\t\t\t\t<\/a>\n\t\t\t\t<\/div>\n\t\t\t\t\t\t\t\t<\/div>\n\t\t\t\t<\/div>\n\t\t\t\t<div class=\"elementor-element elementor-element-db0570f elementor-widget elementor-widget-image\" data-id=\"db0570f\" data-element_type=\"widget\" data-e-type=\"widget\" data-widget_type=\"image.default\">\n\t\t\t\t<div class=\"elementor-widget-container\">\n\t\t\t\t\t\t\t\t\t\t\t\t\t\t\t<img decoding=\"async\" width=\"800\" height=\"215\" src=\"https:\/\/nexosmasuno.com\/wp-content\/uploads\/2021\/07\/03.jpg\" class=\"attachment-large size-large wp-image-12101\" alt=\"\" srcset=\"https:\/\/nexosmasuno.com\/wp-content\/uploads\/2021\/07\/03.jpg 900w, https:\/\/nexosmasuno.com\/wp-content\/uploads\/2021\/07\/03-300x81.jpg 300w, https:\/\/nexosmasuno.com\/wp-content\/uploads\/2021\/07\/03-768x207.jpg 768w\" sizes=\"(max-width: 800px) 100vw, 800px\" \/>\t\t\t\t\t\t\t\t\t\t\t\t\t\t\t<\/div>\n\t\t\t\t<\/div>\n\t\t\t\t<section class=\"elementor-section elementor-inner-section elementor-element elementor-element-d971854 elementor-section-boxed elementor-section-height-default elementor-section-height-default\" data-id=\"d971854\" data-element_type=\"section\" data-e-type=\"section\">\n\t\t\t\t\t\t<div class=\"elementor-container elementor-column-gap-default\">\n\t\t\t\t\t<div class=\"elementor-column elementor-col-50 elementor-inner-column elementor-element elementor-element-e228471\" data-id=\"e228471\" data-element_type=\"column\" data-e-type=\"column\">\n\t\t\t<div class=\"elementor-widget-wrap elementor-element-populated\">\n\t\t\t\t\t\t<div class=\"elementor-element elementor-element-503c34d elementor-position-top elementor-widget elementor-widget-image-box\" data-id=\"503c34d\" data-element_type=\"widget\" data-e-type=\"widget\" data-widget_type=\"image-box.default\">\n\t\t\t\t<div class=\"elementor-widget-container\">\n\t\t\t\t\t<div class=\"elementor-image-box-wrapper\"><figure class=\"elementor-image-box-img\"><a href=\"https:\/\/gestion.pe\/economia\/empresas\/aie-preconiza-renunciar-a-proyectos-de-gas-y-petroleo-para-lograr-la-neutralidad-carbono-en-el-2050-noticia\/?ref=gesr\" target=\"_blank\" tabindex=\"-1\" rel=\"noopener\"><img loading=\"lazy\" decoding=\"async\" width=\"427\" height=\"214\" src=\"https:\/\/nexosmasuno.com\/wp-content\/uploads\/2021\/07\/n01.jpg\" class=\"attachment-full size-full wp-image-12102\" alt=\"\" srcset=\"https:\/\/nexosmasuno.com\/wp-content\/uploads\/2021\/07\/n01.jpg 427w, https:\/\/nexosmasuno.com\/wp-content\/uploads\/2021\/07\/n01-300x150.jpg 300w\" sizes=\"(max-width: 427px) 100vw, 427px\" \/><\/a><\/figure><div class=\"elementor-image-box-content\"><h3 class=\"elementor-image-box-title\"><a href=\"https:\/\/gestion.pe\/economia\/empresas\/aie-preconiza-renunciar-a-proyectos-de-gas-y-petroleo-para-lograr-la-neutralidad-carbono-en-el-2050-noticia\/?ref=gesr\" target=\"_blank\" rel=\"noopener\">AIE preconiza renunciar a proyectos de gas y petr\u00f3leo para lograr la neutralidad carbono en el 2050<\/a><\/h3><\/div><\/div>\t\t\t\t<\/div>\n\t\t\t\t<\/div>\n\t\t\t\t\t<\/div>\n\t\t<\/div>\n\t\t\t\t<div class=\"elementor-column elementor-col-50 elementor-inner-column elementor-element elementor-element-572339c\" data-id=\"572339c\" data-element_type=\"column\" data-e-type=\"column\">\n\t\t\t<div class=\"elementor-widget-wrap elementor-element-populated\">\n\t\t\t\t\t\t<div class=\"elementor-element elementor-element-0234f00 elementor-position-top elementor-widget elementor-widget-image-box\" data-id=\"0234f00\" data-element_type=\"widget\" data-e-type=\"widget\" data-widget_type=\"image-box.default\">\n\t\t\t\t<div class=\"elementor-widget-container\">\n\t\t\t\t\t<div class=\"elementor-image-box-wrapper\"><figure class=\"elementor-image-box-img\"><a href=\"https:\/\/www.la-razon.com\/economia\/2021\/06\/06\/bdp-inyecto-bs-308-millones-al-ecosistema-financiero-para-proyectos-sostenibles\/\" target=\"_blank\" tabindex=\"-1\" rel=\"noopener\"><img decoding=\"async\" src=\"https:\/\/nexosmasuno.com\/wp-content\/uploads\/2021\/07\/n02.jpg\" title=\"n02\" alt=\"n02\" loading=\"lazy\" \/><\/a><\/figure><div class=\"elementor-image-box-content\"><h3 class=\"elementor-image-box-title\"><a href=\"https:\/\/www.la-razon.com\/economia\/2021\/06\/06\/bdp-inyecto-bs-308-millones-al-ecosistema-financiero-para-proyectos-sostenibles\/\" target=\"_blank\" rel=\"noopener\">BDP inyect\u00f3 Bs 30,8 millones al ecosistema financiero para proyectos sostenibles<\/a><\/h3><\/div><\/div>\t\t\t\t<\/div>\n\t\t\t\t<\/div>\n\t\t\t\t\t<\/div>\n\t\t<\/div>\n\t\t\t\t\t<\/div>\n\t\t<\/section>\n\t\t\t\t<section class=\"elementor-section elementor-inner-section elementor-element elementor-element-52acc20 elementor-section-boxed elementor-section-height-default elementor-section-height-default\" data-id=\"52acc20\" data-element_type=\"section\" data-e-type=\"section\">\n\t\t\t\t\t\t<div class=\"elementor-container elementor-column-gap-default\">\n\t\t\t\t\t<div class=\"elementor-column elementor-col-50 elementor-inner-column elementor-element elementor-element-0a1fcab\" data-id=\"0a1fcab\" data-element_type=\"column\" data-e-type=\"column\">\n\t\t\t<div class=\"elementor-widget-wrap elementor-element-populated\">\n\t\t\t\t\t\t<div class=\"elementor-element elementor-element-7884544 elementor-position-top elementor-widget elementor-widget-image-box\" data-id=\"7884544\" data-element_type=\"widget\" data-e-type=\"widget\" data-widget_type=\"image-box.default\">\n\t\t\t\t<div class=\"elementor-widget-container\">\n\t\t\t\t\t<div class=\"elementor-image-box-wrapper\"><figure class=\"elementor-image-box-img\"><a href=\"https:\/\/www.milenio.com\/especiales\/sustentabilidad-es-rentable-para-las-empresas\" target=\"_blank\" tabindex=\"-1\" rel=\"noopener\"><img decoding=\"async\" src=\"https:\/\/nexosmasuno.com\/wp-content\/uploads\/2021\/07\/n03.jpg\" title=\"n03\" alt=\"n03\" loading=\"lazy\" \/><\/a><\/figure><div class=\"elementor-image-box-content\"><h3 class=\"elementor-image-box-title\"><a href=\"https:\/\/www.milenio.com\/especiales\/sustentabilidad-es-rentable-para-las-empresas\" target=\"_blank\" rel=\"noopener\">Sustentabilidad es rentable para las empresas<\/a><\/h3><\/div><\/div>\t\t\t\t<\/div>\n\t\t\t\t<\/div>\n\t\t\t\t\t<\/div>\n\t\t<\/div>\n\t\t\t\t<div class=\"elementor-column elementor-col-50 elementor-inner-column elementor-element elementor-element-136124c\" data-id=\"136124c\" data-element_type=\"column\" data-e-type=\"column\">\n\t\t\t<div class=\"elementor-widget-wrap elementor-element-populated\">\n\t\t\t\t\t\t<div class=\"elementor-element elementor-element-c33a0f5 elementor-position-top elementor-widget elementor-widget-image-box\" data-id=\"c33a0f5\" data-element_type=\"widget\" data-e-type=\"widget\" data-widget_type=\"image-box.default\">\n\t\t\t\t<div class=\"elementor-widget-container\">\n\t\t\t\t\t<div class=\"elementor-image-box-wrapper\"><figure class=\"elementor-image-box-img\"><a href=\"https:\/\/www.cnnchile.com\/pais\/gobierno-complejo-cerro-dominador-energia-solar_20210608\/\" target=\"_blank\" tabindex=\"-1\" rel=\"noopener\"><img decoding=\"async\" src=\"https:\/\/nexosmasuno.com\/wp-content\/uploads\/2021\/07\/n04.png\" title=\"n04\" alt=\"n04\" loading=\"lazy\" \/><\/a><\/figure><div class=\"elementor-image-box-content\"><h3 class=\"elementor-image-box-title\"><a href=\"https:\/\/www.cnnchile.com\/pais\/gobierno-complejo-cerro-dominador-energia-solar_20210608\/\" target=\"_blank\" rel=\"noopener\">Gobierno inaugur\u00f3 complejo termosolar y fotovoltaico \u201cCerro Dominador\u201d en la Regi\u00f3n de Antofagasta<\/a><\/h3><\/div><\/div>\t\t\t\t<\/div>\n\t\t\t\t<\/div>\n\t\t\t\t\t<\/div>\n\t\t<\/div>\n\t\t\t\t\t<\/div>\n\t\t<\/section>\n\t\t\t\t<div class=\"elementor-element elementor-element-a6d4a8e elementor-widget elementor-widget-image\" data-id=\"a6d4a8e\" data-element_type=\"widget\" data-e-type=\"widget\" data-widget_type=\"image.default\">\n\t\t\t\t<div class=\"elementor-widget-container\">\n\t\t\t\t\t\t\t\t\t\t\t\t\t\t\t<img loading=\"lazy\" decoding=\"async\" width=\"800\" height=\"215\" src=\"https:\/\/nexosmasuno.com\/wp-content\/uploads\/2021\/07\/b02.png\" class=\"attachment-large size-large wp-image-12108\" alt=\"\" srcset=\"https:\/\/nexosmasuno.com\/wp-content\/uploads\/2021\/07\/b02.png 900w, https:\/\/nexosmasuno.com\/wp-content\/uploads\/2021\/07\/b02-300x81.png 300w, https:\/\/nexosmasuno.com\/wp-content\/uploads\/2021\/07\/b02-768x207.png 768w\" sizes=\"(max-width: 800px) 100vw, 800px\" \/>\t\t\t\t\t\t\t\t\t\t\t\t\t\t\t<\/div>\n\t\t\t\t<\/div>\n\t\t\t\t<section class=\"elementor-section elementor-inner-section elementor-element elementor-element-b2f979a elementor-section-boxed elementor-section-height-default elementor-section-height-default\" data-id=\"b2f979a\" data-element_type=\"section\" data-e-type=\"section\">\n\t\t\t\t\t\t<div class=\"elementor-container elementor-column-gap-default\">\n\t\t\t\t\t<div class=\"elementor-column elementor-col-50 elementor-inner-column elementor-element elementor-element-c9266db\" data-id=\"c9266db\" data-element_type=\"column\" data-e-type=\"column\">\n\t\t\t<div class=\"elementor-widget-wrap elementor-element-populated\">\n\t\t\t\t\t\t<div class=\"elementor-element elementor-element-7fb70c0 elementor-position-top elementor-widget elementor-widget-image-box\" data-id=\"7fb70c0\" data-element_type=\"widget\" data-e-type=\"widget\" data-widget_type=\"image-box.default\">\n\t\t\t\t<div class=\"elementor-widget-container\">\n\t\t\t\t\t<div class=\"elementor-image-box-wrapper\"><figure class=\"elementor-image-box-img\"><a href=\"https:\/\/www.instagram.com\/p\/CQCQT0vsAib\/\" target=\"_blank\" tabindex=\"-1\" rel=\"noopener\"><img decoding=\"async\" src=\"https:\/\/nexosmasuno.com\/wp-content\/uploads\/2021\/07\/n05.png\" title=\"n05\" alt=\"n05\" loading=\"lazy\" \/><\/a><\/figure><div class=\"elementor-image-box-content\"><h3 class=\"elementor-image-box-title\"><a href=\"https:\/\/www.instagram.com\/p\/CQCQT0vsAib\/\" target=\"_blank\" rel=\"noopener\">El gobierno australiano anunci\u00f3 recientemente planes para invertir $67M en un fondo de desperdicio de alimentos para la salud de los suelos<\/a><\/h3><\/div><\/div>\t\t\t\t<\/div>\n\t\t\t\t<\/div>\n\t\t\t\t\t<\/div>\n\t\t<\/div>\n\t\t\t\t<div class=\"elementor-column elementor-col-50 elementor-inner-column elementor-element elementor-element-3315b10\" data-id=\"3315b10\" data-element_type=\"column\" data-e-type=\"column\">\n\t\t\t<div class=\"elementor-widget-wrap elementor-element-populated\">\n\t\t\t\t\t\t<div class=\"elementor-element elementor-element-2ecc94c elementor-position-top elementor-widget elementor-widget-image-box\" data-id=\"2ecc94c\" data-element_type=\"widget\" data-e-type=\"widget\" data-widget_type=\"image-box.default\">\n\t\t\t\t<div class=\"elementor-widget-container\">\n\t\t\t\t\t<div class=\"elementor-image-box-wrapper\"><figure class=\"elementor-image-box-img\"><a href=\"https:\/\/www.rtve.es\/noticias\/20200519\/gobierno-impulsa-ley-cambio-climatico-como-oportunidad-para-recuperacion-tras-pandemia\/2014369.shtml\" target=\"_blank\" tabindex=\"-1\" rel=\"noopener\"><img decoding=\"async\" src=\"https:\/\/nexosmasuno.com\/wp-content\/uploads\/2021\/07\/n06.png\" title=\"n06\" alt=\"n06\" loading=\"lazy\" \/><\/a><\/figure><div class=\"elementor-image-box-content\"><h3 class=\"elementor-image-box-title\"><a href=\"https:\/\/www.rtve.es\/noticias\/20200519\/gobierno-impulsa-ley-cambio-climatico-como-oportunidad-para-recuperacion-tras-pandemia\/2014369.shtml\" target=\"_blank\" rel=\"noopener\">El Gobierno impulsa la Ley de Cambio Clim\u00e1tico como una \"oportunidad\" para la recuperaci\u00f3n tras la pandemia<\/a><\/h3><\/div><\/div>\t\t\t\t<\/div>\n\t\t\t\t<\/div>\n\t\t\t\t\t<\/div>\n\t\t<\/div>\n\t\t\t\t\t<\/div>\n\t\t<\/section>\n\t\t\t\t<div class=\"elementor-element elementor-element-e183b7f elementor-widget elementor-widget-image\" data-id=\"e183b7f\" data-element_type=\"widget\" data-e-type=\"widget\" data-widget_type=\"image.default\">\n\t\t\t\t<div class=\"elementor-widget-container\">\n\t\t\t\t\t\t\t\t\t\t\t\t\t\t\t<img loading=\"lazy\" decoding=\"async\" width=\"800\" height=\"131\" src=\"https:\/\/nexosmasuno.com\/wp-content\/uploads\/2021\/05\/barraeventos.jpg\" class=\"attachment-large size-large wp-image-11373\" alt=\"\" srcset=\"https:\/\/nexosmasuno.com\/wp-content\/uploads\/2021\/05\/barraeventos.jpg 900w, https:\/\/nexosmasuno.com\/wp-content\/uploads\/2021\/05\/barraeventos-300x49.jpg 300w, https:\/\/nexosmasuno.com\/wp-content\/uploads\/2021\/05\/barraeventos-768x125.jpg 768w\" sizes=\"(max-width: 800px) 100vw, 800px\" \/>\t\t\t\t\t\t\t\t\t\t\t\t\t\t\t<\/div>\n\t\t\t\t<\/div>\n\t\t\t\t<section class=\"elementor-section elementor-inner-section elementor-element elementor-element-310709f elementor-section-boxed elementor-section-height-default elementor-section-height-default\" data-id=\"310709f\" data-element_type=\"section\" data-e-type=\"section\">\n\t\t\t\t\t\t<div class=\"elementor-container elementor-column-gap-default\">\n\t\t\t\t\t<div class=\"elementor-column elementor-col-50 elementor-inner-column elementor-element elementor-element-ec1c347\" data-id=\"ec1c347\" data-element_type=\"column\" data-e-type=\"column\">\n\t\t\t<div class=\"elementor-widget-wrap elementor-element-populated\">\n\t\t\t\t\t\t<div class=\"elementor-element elementor-element-d4f4361 elementor-position-top elementor-widget elementor-widget-image-box\" data-id=\"d4f4361\" data-element_type=\"widget\" data-e-type=\"widget\" data-widget_type=\"image-box.default\">\n\t\t\t\t<div class=\"elementor-widget-container\">\n\t\t\t\t\t<div class=\"elementor-image-box-wrapper\"><figure class=\"elementor-image-box-img\"><a href=\"http:\/\/bit.ly\/impactosends\" target=\"_blank\" tabindex=\"-1\" rel=\"noopener\"><img decoding=\"async\" src=\"https:\/\/nexosmasuno.com\/wp-content\/uploads\/2021\/07\/e01.jpg\" title=\"e01\" alt=\"e01\" loading=\"lazy\" \/><\/a><\/figure><div class=\"elementor-image-box-content\"><h3 class=\"elementor-image-box-title\"><a href=\"http:\/\/bit.ly\/impactosends\" target=\"_blank\" rel=\"noopener\">\u00danete a la primera #BCorpClimateSummit <\/a><\/h3><p class=\"elementor-image-box-description\">En esta cumbre todo el movimiento B global y de triple impacto se unir\u00e1 para conocer m\u00e1s sobre carbono neutralidad de especialistas en Net Zero 2030 (Emisiones Cero Neto 2030) y Justicia Clim\u00e1tica.<\/p><\/div><\/div>\t\t\t\t<\/div>\n\t\t\t\t<\/div>\n\t\t\t\t<div class=\"elementor-element elementor-element-3e45b4a elementor-align-center elementor-widget elementor-widget-button\" data-id=\"3e45b4a\" data-element_type=\"widget\" data-e-type=\"widget\" data-widget_type=\"button.default\">\n\t\t\t\t<div class=\"elementor-widget-container\">\n\t\t\t\t\t\t\t\t\t<div class=\"elementor-button-wrapper\">\n\t\t\t\t\t<a class=\"elementor-button elementor-button-link elementor-size-sm\" href=\"https:\/\/www.eventbrite.com\/e\/cumbre-global-de-clima-sistema-b-b-lab-registration-156299819969\" target=\"_blank\" rel=\"noopener\">\n\t\t\t\t\t\t<span class=\"elementor-button-content-wrapper\">\n\t\t\t\t\t\t\t\t\t<span class=\"elementor-button-text\">Reg\u00edstrate aqu\u00ed<\/span>\n\t\t\t\t\t<\/span>\n\t\t\t\t\t<\/a>\n\t\t\t\t<\/div>\n\t\t\t\t\t\t\t\t<\/div>\n\t\t\t\t<\/div>\n\t\t\t\t\t<\/div>\n\t\t<\/div>\n\t\t\t\t<div class=\"elementor-column elementor-col-50 elementor-inner-column elementor-element elementor-element-697f436\" data-id=\"697f436\" data-element_type=\"column\" data-e-type=\"column\">\n\t\t\t<div class=\"elementor-widget-wrap elementor-element-populated\">\n\t\t\t\t\t\t<div class=\"elementor-element elementor-element-e05ddc5 elementor-position-top elementor-widget elementor-widget-image-box\" data-id=\"e05ddc5\" data-element_type=\"widget\" data-e-type=\"widget\" data-widget_type=\"image-box.default\">\n\t\t\t\t<div class=\"elementor-widget-container\">\n\t\t\t\t\t<div class=\"elementor-image-box-wrapper\"><figure class=\"elementor-image-box-img\"><a href=\"http:\/\/bit.ly\/futuroinversionesclima\" target=\"_blank\" tabindex=\"-1\" rel=\"noopener\"><img decoding=\"async\" src=\"https:\/\/nexosmasuno.com\/wp-content\/uploads\/2021\/07\/e02.jpg\" title=\"e02\" alt=\"e02\" loading=\"lazy\" \/><\/a><\/figure><div class=\"elementor-image-box-content\"><h3 class=\"elementor-image-box-title\"><a href=\"http:\/\/bit.ly\/futuroinversionesclima\" target=\"_blank\" rel=\"noopener\">Webinar El futuro de las inversiones para la descarbonizaci\u00f3n<\/a><\/h3><p class=\"elementor-image-box-description\">En este primer evento de inversiones clim\u00e1ticas, organizado por Decarboost, veremos porqu\u00e9 es importante financiar el desarrollo de una econom\u00eda baja en carbono, verde, y resiliente al clima en Latinoam\u00e9rica. <\/p><\/div><\/div>\t\t\t\t<\/div>\n\t\t\t\t<\/div>\n\t\t\t\t<div class=\"elementor-element elementor-element-3e4719e elementor-align-center elementor-widget elementor-widget-button\" data-id=\"3e4719e\" data-element_type=\"widget\" data-e-type=\"widget\" data-widget_type=\"button.default\">\n\t\t\t\t<div class=\"elementor-widget-container\">\n\t\t\t\t\t\t\t\t\t<div class=\"elementor-button-wrapper\">\n\t\t\t\t\t<a class=\"elementor-button elementor-button-link elementor-size-sm\" href=\"https:\/\/bit.ly\/futuroinversionesclima\" target=\"_blank\" rel=\"noopener\">\n\t\t\t\t\t\t<span class=\"elementor-button-content-wrapper\">\n\t\t\t\t\t\t\t\t\t<span class=\"elementor-button-text\">Reg\u00edstrate aqu\u00ed<\/span>\n\t\t\t\t\t<\/span>\n\t\t\t\t\t<\/a>\n\t\t\t\t<\/div>\n\t\t\t\t\t\t\t\t<\/div>\n\t\t\t\t<\/div>\n\t\t\t\t\t<\/div>\n\t\t<\/div>\n\t\t\t\t\t<\/div>\n\t\t<\/section>\n\t\t\t\t<div class=\"elementor-element elementor-element-0f96590 elementor-widget elementor-widget-image\" data-id=\"0f96590\" data-element_type=\"widget\" data-e-type=\"widget\" data-widget_type=\"image.default\">\n\t\t\t\t<div class=\"elementor-widget-container\">\n\t\t\t\t\t\t\t\t\t\t\t\t\t\t\t\t<a href=\"https:\/\/bit.ly\/nexoseventos21\" target=\"_blank\" rel=\"noopener\">\n\t\t\t\t\t\t\t<img loading=\"lazy\" decoding=\"async\" width=\"800\" height=\"445\" src=\"https:\/\/nexosmasuno.com\/wp-content\/uploads\/2021\/07\/calend-1024x569.jpg\" class=\"attachment-large size-large wp-image-12112\" alt=\"\" srcset=\"https:\/\/nexosmasuno.com\/wp-content\/uploads\/2021\/07\/calend-1024x569.jpg 1024w, https:\/\/nexosmasuno.com\/wp-content\/uploads\/2021\/07\/calend-300x167.jpg 300w, https:\/\/nexosmasuno.com\/wp-content\/uploads\/2021\/07\/calend-768x427.jpg 768w, https:\/\/nexosmasuno.com\/wp-content\/uploads\/2021\/07\/calend-1536x854.jpg 1536w, https:\/\/nexosmasuno.com\/wp-content\/uploads\/2021\/07\/calend.jpg 1876w\" sizes=\"(max-width: 800px) 100vw, 800px\" \/>\t\t\t\t\t\t\t\t<\/a>\n\t\t\t\t\t\t\t\t\t\t\t\t\t\t\t<\/div>\n\t\t\t\t<\/div>\n\t\t\t\t<div class=\"elementor-element elementor-element-4098495 elementor-widget elementor-widget-spacer\" data-id=\"4098495\" data-element_type=\"widget\" data-e-type=\"widget\" data-widget_type=\"spacer.default\">\n\t\t\t\t<div class=\"elementor-widget-container\">\n\t\t\t\t\t\t\t<div class=\"elementor-spacer\">\n\t\t\t<div class=\"elementor-spacer-inner\"><\/div>\n\t\t<\/div>\n\t\t\t\t\t\t<\/div>\n\t\t\t\t<\/div>\n\t\t\t\t<div class=\"elementor-element elementor-element-1e78b6a elementor-cta--layout-image-above elementor-cta--skin-classic elementor-animated-content elementor-bg-transform elementor-bg-transform-zoom-in elementor-widget elementor-widget-call-to-action\" data-id=\"1e78b6a\" data-element_type=\"widget\" data-e-type=\"widget\" data-settings=\"{&quot;motion_fx_motion_fx_scrolling&quot;:&quot;yes&quot;,&quot;motion_fx_devices&quot;:[&quot;desktop&quot;,&quot;tablet&quot;,&quot;mobile&quot;]}\" data-widget_type=\"call-to-action.default\">\n\t\t\t\t<div class=\"elementor-widget-container\">\n\t\t\t\t\t\t\t<a class=\"elementor-cta\" href=\"https:\/\/nexosmasuno.com\/\/#sub\">\n\t\t\t\t\t<div class=\"elementor-cta__bg-wrapper\">\n\t\t\t\t<div class=\"elementor-cta__bg elementor-bg\" style=\"background-image: url(https:\/\/nexosmasuno.com\/wp-content\/uploads\/2020\/02\/cabecera-news-feb20.jpg);\" role=\"img\" aria-label=\"cabecera-news-feb20\"><\/div>\n\t\t\t\t<div class=\"elementor-cta__bg-overlay\"><\/div>\n\t\t\t<\/div>\n\t\t\t\t\t\t\t<div class=\"elementor-cta__content\">\n\t\t\t\t\n\t\t\t\t\t\t\t\t\t<h3 class=\"elementor-cta__title elementor-cta__content-item elementor-content-item\">\n\t\t\t\t\t\t\u00danete a nuestra comunidad\t\t\t\t\t<\/h3>\n\t\t\t\t\n\t\t\t\t\t\t\t\t\t<div class=\"elementor-cta__description elementor-cta__content-item elementor-content-item\">\n\t\t\t\t\t\tPara recibir tendencias en sostenibilidad y noticias sobre cambio clim\u00e1tico\t\t\t\t\t<\/div>\n\t\t\t\t\n\t\t\t\t\t\t\t\t\t<div class=\"elementor-cta__button-wrapper elementor-cta__content-item elementor-content-item \">\n\t\t\t\t\t<span class=\"elementor-cta__button elementor-button elementor-size-\">\n\t\t\t\t\t\tSuscr\u00edbete aqu\u00ed\t\t\t\t\t<\/span>\n\t\t\t\t\t<\/div>\n\t\t\t\t\t\t\t<\/div>\n\t\t\t\t\t\t<\/a>\n\t\t\t\t\t\t<\/div>\n\t\t\t\t<\/div>\n\t\t\t\t<div class=\"elementor-element elementor-element-45df1e3 elementor-widget elementor-widget-image\" data-id=\"45df1e3\" data-element_type=\"widget\" data-e-type=\"widget\" data-widget_type=\"image.default\">\n\t\t\t\t<div class=\"elementor-widget-container\">\n\t\t\t\t\t\t\t\t\t\t\t\t\t\t\t<img loading=\"lazy\" decoding=\"async\" width=\"901\" height=\"224\" src=\"https:\/\/nexosmasuno.com\/wp-content\/uploads\/2020\/02\/separador.jpg\" class=\"attachment-full size-full wp-image-733\" alt=\"\" srcset=\"https:\/\/nexosmasuno.com\/wp-content\/uploads\/2020\/02\/separador.jpg 901w, https:\/\/nexosmasuno.com\/wp-content\/uploads\/2020\/02\/separador-300x75.jpg 300w, https:\/\/nexosmasuno.com\/wp-content\/uploads\/2020\/02\/separador-768x191.jpg 768w\" sizes=\"(max-width: 901px) 100vw, 901px\" \/>\t\t\t\t\t\t\t\t\t\t\t\t\t\t\t<\/div>\n\t\t\t\t<\/div>\n\t\t\t\t<div class=\"elementor-element elementor-element-3ac37cc elementor-widget elementor-widget-heading\" data-id=\"3ac37cc\" data-element_type=\"widget\" data-e-type=\"widget\" data-widget_type=\"heading.default\">\n\t\t\t\t<div class=\"elementor-widget-container\">\n\t\t\t\t\t<h5 class=\"elementor-heading-title elementor-size-default\">\u00a1Conoce a nuestros miembros corporativos de nexos+1!<\/h5>\t\t\t\t<\/div>\n\t\t\t\t<\/div>\n\t\t\t\t<div class=\"elementor-element elementor-element-18b358c elementor-widget elementor-widget-image\" data-id=\"18b358c\" data-element_type=\"widget\" data-e-type=\"widget\" data-widget_type=\"image.default\">\n\t\t\t\t<div class=\"elementor-widget-container\">\n\t\t\t\t\t\t\t\t\t\t\t\t\t\t\t<img loading=\"lazy\" decoding=\"async\" width=\"800\" height=\"388\" src=\"https:\/\/nexosmasuno.com\/wp-content\/uploads\/2021\/07\/logos.jpg\" class=\"attachment-large size-large wp-image-12113\" alt=\"\" srcset=\"https:\/\/nexosmasuno.com\/wp-content\/uploads\/2021\/07\/logos.jpg 900w, https:\/\/nexosmasuno.com\/wp-content\/uploads\/2021\/07\/logos-300x146.jpg 300w, https:\/\/nexosmasuno.com\/wp-content\/uploads\/2021\/07\/logos-768x373.jpg 768w\" sizes=\"(max-width: 800px) 100vw, 800px\" \/>\t\t\t\t\t\t\t\t\t\t\t\t\t\t\t<\/div>\n\t\t\t\t<\/div>\n\t\t\t\t<div class=\"elementor-element elementor-element-54afeee elementor-widget elementor-widget-heading\" data-id=\"54afeee\" data-element_type=\"widget\" data-e-type=\"widget\" data-widget_type=\"heading.default\">\n\t\t\t\t<div class=\"elementor-widget-container\">\n\t\t\t\t\t<h6 class=\"elementor-heading-title elementor-size-default\">En alianza estrat\u00e9gica con:<\/h6>\t\t\t\t<\/div>\n\t\t\t\t<\/div>\n\t\t\t\t<div class=\"elementor-element elementor-element-bcf93de elementor-widget elementor-widget-image\" data-id=\"bcf93de\" data-element_type=\"widget\" data-e-type=\"widget\" data-widget_type=\"image.default\">\n\t\t\t\t<div class=\"elementor-widget-container\">\n\t\t\t\t\t\t\t\t\t\t\t\t\t\t\t<img loading=\"lazy\" decoding=\"async\" width=\"800\" height=\"116\" src=\"https:\/\/nexosmasuno.com\/wp-content\/uploads\/2021\/03\/b06-1024x148.jpg\" class=\"attachment-large size-large wp-image-10946\" alt=\"\" srcset=\"https:\/\/nexosmasuno.com\/wp-content\/uploads\/2021\/03\/b06-1024x148.jpg 1024w, https:\/\/nexosmasuno.com\/wp-content\/uploads\/2021\/03\/b06-300x43.jpg 300w, https:\/\/nexosmasuno.com\/wp-content\/uploads\/2021\/03\/b06-768x111.jpg 768w, https:\/\/nexosmasuno.com\/wp-content\/uploads\/2021\/03\/b06-1536x222.jpg 1536w, https:\/\/nexosmasuno.com\/wp-content\/uploads\/2021\/03\/b06.jpg 1876w\" sizes=\"(max-width: 800px) 100vw, 800px\" \/>\t\t\t\t\t\t\t\t\t\t\t\t\t\t\t<\/div>\n\t\t\t\t<\/div>\n\t\t\t\t<div class=\"elementor-element elementor-element-b249f4b elementor-widget elementor-widget-image\" data-id=\"b249f4b\" data-element_type=\"widget\" data-e-type=\"widget\" data-widget_type=\"image.default\">\n\t\t\t\t<div class=\"elementor-widget-container\">\n\t\t\t\t\t\t\t\t\t\t\t\t\t\t\t\t<a href=\"https:\/\/nexosmasuno.com\/comunidad\/membresia\/\" target=\"_blank\">\n\t\t\t\t\t\t\t<img loading=\"lazy\" decoding=\"async\" width=\"2100\" height=\"647\" src=\"https:\/\/nexosmasuno.com\/wp-content\/uploads\/2021\/04\/membresia.jpg\" class=\"attachment-full size-full wp-image-11272\" alt=\"\" srcset=\"https:\/\/nexosmasuno.com\/wp-content\/uploads\/2021\/04\/membresia.jpg 2100w, https:\/\/nexosmasuno.com\/wp-content\/uploads\/2021\/04\/membresia-300x92.jpg 300w, https:\/\/nexosmasuno.com\/wp-content\/uploads\/2021\/04\/membresia-1024x315.jpg 1024w, https:\/\/nexosmasuno.com\/wp-content\/uploads\/2021\/04\/membresia-768x237.jpg 768w, https:\/\/nexosmasuno.com\/wp-content\/uploads\/2021\/04\/membresia-1536x473.jpg 1536w, https:\/\/nexosmasuno.com\/wp-content\/uploads\/2021\/04\/membresia-2048x631.jpg 2048w\" sizes=\"(max-width: 2100px) 100vw, 2100px\" \/>\t\t\t\t\t\t\t\t<\/a>\n\t\t\t\t\t\t\t\t\t\t\t\t\t\t\t<\/div>\n\t\t\t\t<\/div>\n\t\t\t\t\t<\/div>\n\t\t<\/div>\n\t\t\t\t\t<\/div>\n\t\t<\/section>\n\t\t\t\t<\/div>\n\t\t","protected":false},"excerpt":{"rendered":"<p>Find out the best news about sustainability and business resilience.<\/p>","protected":false},"author":13,"featured_media":12140,"comment_status":"closed","ping_status":"closed","sticky":false,"template":"","format":"standard","meta":{"footnotes":""},"categories":[443],"tags":[],"pais":[],"tipo-de-nota":[],"formato":[],"class_list":["post-12097","post","type-post","status-publish","format-standard","has-post-thumbnail","hentry","category-ediciones"],"_links":{"self":[{"href":"https:\/\/nexosmasuno.com\/en\/wp-json\/wp\/v2\/posts\/12097","targetHints":{"allow":["GET"]}}],"collection":[{"href":"https:\/\/nexosmasuno.com\/en\/wp-json\/wp\/v2\/posts"}],"about":[{"href":"https:\/\/nexosmasuno.com\/en\/wp-json\/wp\/v2\/types\/post"}],"author":[{"embeddable":true,"href":"https:\/\/nexosmasuno.com\/en\/wp-json\/wp\/v2\/users\/13"}],"replies":[{"embeddable":true,"href":"https:\/\/nexosmasuno.com\/en\/wp-json\/wp\/v2\/comments?post=12097"}],"version-history":[{"count":26,"href":"https:\/\/nexosmasuno.com\/en\/wp-json\/wp\/v2\/posts\/12097\/revisions"}],"predecessor-version":[{"id":20715,"href":"https:\/\/nexosmasuno.com\/en\/wp-json\/wp\/v2\/posts\/12097\/revisions\/20715"}],"wp:featuredmedia":[{"embeddable":true,"href":"https:\/\/nexosmasuno.com\/en\/wp-json\/wp\/v2\/media\/12140"}],"wp:attachment":[{"href":"https:\/\/nexosmasuno.com\/en\/wp-json\/wp\/v2\/media?parent=12097"}],"wp:term":[{"taxonomy":"category","embeddable":true,"href":"https:\/\/nexosmasuno.com\/en\/wp-json\/wp\/v2\/categories?post=12097"},{"taxonomy":"post_tag","embeddable":true,"href":"https:\/\/nexosmasuno.com\/en\/wp-json\/wp\/v2\/tags?post=12097"},{"taxonomy":"pais","embeddable":true,"href":"https:\/\/nexosmasuno.com\/en\/wp-json\/wp\/v2\/pais?post=12097"},{"taxonomy":"tipo-de-nota","embeddable":true,"href":"https:\/\/nexosmasuno.com\/en\/wp-json\/wp\/v2\/tipo-de-nota?post=12097"},{"taxonomy":"formato","embeddable":true,"href":"https:\/\/nexosmasuno.com\/en\/wp-json\/wp\/v2\/formato?post=12097"}],"curies":[{"name":"wp","href":"https:\/\/api.w.org\/{rel}","templated":true}]}}