{"id":10937,"date":"2021-03-12T10:29:56","date_gmt":"2021-03-12T15:29:56","guid":{"rendered":"https:\/\/nexosmasuno.pe\/?p=10937"},"modified":"2023-02-27T23:06:56","modified_gmt":"2023-02-28T04:06:56","slug":"fracaso-accion-climatica-riesgo-global-nexos-news","status":"publish","type":"post","link":"https:\/\/nexosmasuno.com\/en\/fracaso-accion-climatica-riesgo-global-nexos-news\/","title":{"rendered":"Failure of climate action: The global risk with the highest probability and greatest impact | nexos+1 NEWS"},"content":{"rendered":"\t\t<div data-elementor-type=\"wp-post\" data-elementor-id=\"10937\" class=\"elementor elementor-10937\" data-elementor-post-type=\"post\">\n\t\t\t\t\t\t<section class=\"elementor-section elementor-top-section elementor-element elementor-element-b2b36a6 elementor-section-boxed elementor-section-height-default elementor-section-height-default\" data-id=\"b2b36a6\" data-element_type=\"section\" data-e-type=\"section\">\n\t\t\t\t\t\t<div class=\"elementor-container elementor-column-gap-default\">\n\t\t\t\t\t<div class=\"elementor-column elementor-col-100 elementor-top-column elementor-element elementor-element-a146277\" data-id=\"a146277\" data-element_type=\"column\" data-e-type=\"column\">\n\t\t\t<div class=\"elementor-widget-wrap elementor-element-populated\">\n\t\t\t\t\t\t<div class=\"elementor-element elementor-element-6e322af elementor-widget elementor-widget-heading\" data-id=\"6e322af\" data-element_type=\"widget\" data-e-type=\"widget\" data-widget_type=\"heading.default\">\n\t\t\t\t<div class=\"elementor-widget-container\">\n\t\t\t\t\t<h2 class=\"elementor-heading-title elementor-size-default\">Febrero 2021<\/h2>\t\t\t\t<\/div>\n\t\t\t\t<\/div>\n\t\t\t\t<div class=\"elementor-element elementor-element-19020ba elementor-widget elementor-widget-heading\" data-id=\"19020ba\" data-element_type=\"widget\" data-e-type=\"widget\" data-widget_type=\"heading.default\">\n\t\t\t\t<div class=\"elementor-widget-container\">\n\t\t\t\t\t<h1 class=\"elementor-heading-title elementor-size-default\">Fracaso de la acci\u00f3n clim\u00e1tica:\nEl riesgo global de mayor probabilidad y mayor impacto<\/h1>\t\t\t\t<\/div>\n\t\t\t\t<\/div>\n\t\t\t\t<div class=\"elementor-element elementor-element-5033664 elementor-widget elementor-widget-text-editor\" data-id=\"5033664\" data-element_type=\"widget\" data-e-type=\"widget\" data-widget_type=\"text-editor.default\">\n\t\t\t\t<div class=\"elementor-widget-container\">\n\t\t\t\t\t\t\t\t\t<p>El desaf\u00edo del COVID-19 ha exacerbado los desaf\u00edos geopol\u00edticos y sociales en curso, y la crisis ambiental\u00a0del cambio clim\u00e1tico cobra a\u00fan mayor importancia tal como se evidencia en la nueva edici\u00f3n del\u00a0<strong>Informe de<\/strong>\u00a0<strong>Riesgos Globales\u00a0<\/strong>del Foro Econ\u00f3mico Mundial (WEF). En ella se determina que el \u00ab<strong>fracaso en la acci\u00f3n clim\u00e1tica<\/strong>\u00bb es el 2ndo riesgo global de mayor probabilidad y mayor impacto\u00a0a la sociedad. Se necesitan, m\u00e1s que nunca, enfoques\u00a0innovadores y colaborativos para fortalecer la\u00a0resiliencia.\u00a0<strong><em>Conoce esto y m\u00e1s en la edici\u00f3n de febrero de\u00a0<span class=\"il\">nexos<\/span>+<span class=\"il\">1<\/span>\u00a0<span class=\"il\">news<\/span>.<\/em><\/strong><\/p>\t\t\t\t\t\t\t\t<\/div>\n\t\t\t\t<\/div>\n\t\t\t\t<section class=\"elementor-section elementor-inner-section elementor-element elementor-element-d304e33 elementor-section-boxed elementor-section-height-default elementor-section-height-default\" data-id=\"d304e33\" data-element_type=\"section\" data-e-type=\"section\">\n\t\t\t\t\t\t<div class=\"elementor-container elementor-column-gap-default\">\n\t\t\t\t\t<div class=\"elementor-column elementor-col-50 elementor-inner-column elementor-element elementor-element-1d89fb3\" data-id=\"1d89fb3\" data-element_type=\"column\" data-e-type=\"column\">\n\t\t\t<div class=\"elementor-widget-wrap elementor-element-populated\">\n\t\t\t\t\t\t<div class=\"elementor-element elementor-element-196c07a elementor-position-top elementor-widget elementor-widget-image-box\" data-id=\"196c07a\" data-element_type=\"widget\" data-e-type=\"widget\" data-widget_type=\"image-box.default\">\n\t\t\t\t<div class=\"elementor-widget-container\">\n\t\t\t\t\t<div class=\"elementor-image-box-wrapper\"><figure class=\"elementor-image-box-img\"><a href=\"https:\/\/www.weforum.org\/reports\/the-global-risks-report-2021\" target=\"_blank\" tabindex=\"-1\" rel=\"noopener\"><img fetchpriority=\"high\" decoding=\"async\" width=\"321\" height=\"221\" src=\"https:\/\/nexosmasuno.com\/wp-content\/uploads\/2021\/03\/01-1.jpg\" class=\"attachment-full size-full wp-image-10959\" alt=\"\" srcset=\"https:\/\/nexosmasuno.com\/wp-content\/uploads\/2021\/03\/01-1.jpg 321w, https:\/\/nexosmasuno.com\/wp-content\/uploads\/2021\/03\/01-1-300x207.jpg 300w\" sizes=\"(max-width: 321px) 100vw, 321px\" \/><\/a><\/figure><div class=\"elementor-image-box-content\"><h3 class=\"elementor-image-box-title\"><a href=\"https:\/\/www.weforum.org\/reports\/the-global-risks-report-2021\" target=\"_blank\" rel=\"noopener\">Global Risks Report 2021<\/a><\/h3><p class=\"elementor-image-box-description\">De acuerdo al nuevo reporte del WEF, la degradaci\u00f3n ambiental, que sigue siendo una amenaza existencial para la humanidad, corre el riesgo de cruzarse con fracturas sociales y traer consecuencias graves. Con el mundo m\u00e1s en sinton\u00eda con los riesgos, se pueden extraer lecciones para fortalecer la respuesta y la resiliencia corporativa.<\/p><\/div><\/div>\t\t\t\t<\/div>\n\t\t\t\t<\/div>\n\t\t\t\t<div class=\"elementor-element elementor-element-5da707e elementor-button-info elementor-align-center elementor-widget elementor-widget-button\" data-id=\"5da707e\" data-element_type=\"widget\" data-e-type=\"widget\" data-widget_type=\"button.default\">\n\t\t\t\t<div class=\"elementor-widget-container\">\n\t\t\t\t\t\t\t\t\t<div class=\"elementor-button-wrapper\">\n\t\t\t\t\t<a class=\"elementor-button elementor-button-link elementor-size-xs\" href=\"https:\/\/www.weforum.org\/reports\/the-global-risks-report-2021\" target=\"_blank\" rel=\"noopener\">\n\t\t\t\t\t\t<span class=\"elementor-button-content-wrapper\">\n\t\t\t\t\t\t\t\t\t<span class=\"elementor-button-text\">Lee m\u00e1s aqu\u00ed<\/span>\n\t\t\t\t\t<\/span>\n\t\t\t\t\t<\/a>\n\t\t\t\t<\/div>\n\t\t\t\t\t\t\t\t<\/div>\n\t\t\t\t<\/div>\n\t\t\t\t\t<\/div>\n\t\t<\/div>\n\t\t\t\t<div class=\"elementor-column elementor-col-50 elementor-inner-column elementor-element elementor-element-49d6409\" data-id=\"49d6409\" data-element_type=\"column\" data-e-type=\"column\">\n\t\t\t<div class=\"elementor-widget-wrap elementor-element-populated\">\n\t\t\t\t\t\t<div class=\"elementor-element elementor-element-f5213f4 elementor-position-top elementor-widget elementor-widget-image-box\" data-id=\"f5213f4\" data-element_type=\"widget\" data-e-type=\"widget\" data-widget_type=\"image-box.default\">\n\t\t\t\t<div class=\"elementor-widget-container\">\n\t\t\t\t\t<div class=\"elementor-image-box-wrapper\"><figure class=\"elementor-image-box-img\"><a href=\"https:\/\/www.sustainability.com\/globalassets\/sustainability.com\/thinking\/pdfs\/2021\/ermsi-2021trendsreport.pdf\" target=\"_blank\" tabindex=\"-1\" rel=\"noopener\"><img decoding=\"async\" src=\"https:\/\/nexosmasuno.com\/wp-content\/uploads\/2021\/03\/02.jpg\" title=\"02\" alt=\"02\" loading=\"lazy\" \/><\/a><\/figure><div class=\"elementor-image-box-content\"><h3 class=\"elementor-image-box-title\"><a href=\"https:\/\/www.sustainability.com\/globalassets\/sustainability.com\/thinking\/pdfs\/2021\/ermsi-2021trendsreport.pdf\" target=\"_blank\" rel=\"noopener\"> Lo nuevo para las empresas sostenibles: informe de Tendencias de Sostenibilidad 2021<\/a><\/h3><p class=\"elementor-image-box-description\">Este reporte eval\u00faa 10 tendencias en sostenibilidad y c\u00f3mo las empresas est\u00e1n reaccionando a ellas \u00a1Una lectura imperdible para todos!<\/p><\/div><\/div>\t\t\t\t<\/div>\n\t\t\t\t<\/div>\n\t\t\t\t<div class=\"elementor-element elementor-element-57cea6c elementor-button-info elementor-align-center elementor-widget elementor-widget-button\" data-id=\"57cea6c\" data-element_type=\"widget\" data-e-type=\"widget\" data-widget_type=\"button.default\">\n\t\t\t\t<div class=\"elementor-widget-container\">\n\t\t\t\t\t\t\t\t\t<div class=\"elementor-button-wrapper\">\n\t\t\t\t\t<a class=\"elementor-button elementor-button-link elementor-size-xs\" href=\"https:\/\/www.sustainability.com\/globalassets\/sustainability.com\/thinking\/pdfs\/2021\/ermsi-2021trendsreport.pdf\" target=\"_blank\" rel=\"noopener\">\n\t\t\t\t\t\t<span class=\"elementor-button-content-wrapper\">\n\t\t\t\t\t\t\t\t\t<span class=\"elementor-button-text\">Lee m\u00e1s aqu\u00ed<\/span>\n\t\t\t\t\t<\/span>\n\t\t\t\t\t<\/a>\n\t\t\t\t<\/div>\n\t\t\t\t\t\t\t\t<\/div>\n\t\t\t\t<\/div>\n\t\t\t\t\t<\/div>\n\t\t<\/div>\n\t\t\t\t\t<\/div>\n\t\t<\/section>\n\t\t\t\t<section class=\"elementor-section elementor-inner-section elementor-element elementor-element-547d8dd elementor-section-boxed elementor-section-height-default elementor-section-height-default\" data-id=\"547d8dd\" data-element_type=\"section\" data-e-type=\"section\">\n\t\t\t\t\t\t<div class=\"elementor-container elementor-column-gap-default\">\n\t\t\t\t\t<div class=\"elementor-column elementor-col-50 elementor-inner-column elementor-element elementor-element-7efca7b\" data-id=\"7efca7b\" data-element_type=\"column\" data-e-type=\"column\">\n\t\t\t<div class=\"elementor-widget-wrap elementor-element-populated\">\n\t\t\t\t\t\t<div class=\"elementor-element elementor-element-0b2b4e4 elementor-position-top elementor-widget elementor-widget-image-box\" data-id=\"0b2b4e4\" data-element_type=\"widget\" data-e-type=\"widget\" data-widget_type=\"image-box.default\">\n\t\t\t\t<div class=\"elementor-widget-container\">\n\t\t\t\t\t<div class=\"elementor-image-box-wrapper\"><figure class=\"elementor-image-box-img\"><a href=\"https:\/\/www.mckinsey.com\/business-functions\/sustainability\/our-insights\/why-investing-in-nature-is-key-to-climate-mitigation#\" target=\"_blank\" tabindex=\"-1\" rel=\"noopener\"><img decoding=\"async\" src=\"https:\/\/nexosmasuno.com\/wp-content\/uploads\/2021\/03\/03.jpg\" title=\"03\" alt=\"03\" loading=\"lazy\" \/><\/a><\/figure><div class=\"elementor-image-box-content\"><h3 class=\"elementor-image-box-title\"><a href=\"https:\/\/www.mckinsey.com\/business-functions\/sustainability\/our-insights\/why-investing-in-nature-is-key-to-climate-mitigation#\" target=\"_blank\" rel=\"noopener\">Por qu\u00e9 invertir en la naturaleza es clave para la mitigaci\u00f3n del clima<\/a><\/h3><p class=\"elementor-image-box-description\">Un nuevo documento elaborado por McKinsey y el Foro Econ\u00f3mico Mundial explora el papel que pueden desempe\u00f1ar las soluciones clim\u00e1ticas naturales para ayudar a abordar el cambio clim\u00e1tico y la destrucci\u00f3n de la naturaleza.<\/p><\/div><\/div>\t\t\t\t<\/div>\n\t\t\t\t<\/div>\n\t\t\t\t<div class=\"elementor-element elementor-element-1499fbb elementor-button-info elementor-align-center elementor-widget elementor-widget-button\" data-id=\"1499fbb\" data-element_type=\"widget\" data-e-type=\"widget\" data-widget_type=\"button.default\">\n\t\t\t\t<div class=\"elementor-widget-container\">\n\t\t\t\t\t\t\t\t\t<div class=\"elementor-button-wrapper\">\n\t\t\t\t\t<a class=\"elementor-button elementor-button-link elementor-size-xs\" href=\"https:\/\/www.mckinsey.com\/business-functions\/sustainability\/our-insights\/why-investing-in-nature-is-key-to-climate-mitigation#\" target=\"_blank\" rel=\"noopener\">\n\t\t\t\t\t\t<span class=\"elementor-button-content-wrapper\">\n\t\t\t\t\t\t\t\t\t<span class=\"elementor-button-text\">Lee m\u00e1s aqu\u00ed<\/span>\n\t\t\t\t\t<\/span>\n\t\t\t\t\t<\/a>\n\t\t\t\t<\/div>\n\t\t\t\t\t\t\t\t<\/div>\n\t\t\t\t<\/div>\n\t\t\t\t\t<\/div>\n\t\t<\/div>\n\t\t\t\t<div class=\"elementor-column elementor-col-50 elementor-inner-column elementor-element elementor-element-cb894b7\" data-id=\"cb894b7\" data-element_type=\"column\" data-e-type=\"column\">\n\t\t\t<div class=\"elementor-widget-wrap elementor-element-populated\">\n\t\t\t\t\t\t<div class=\"elementor-element elementor-element-d385322 elementor-position-top elementor-widget elementor-widget-image-box\" data-id=\"d385322\" data-element_type=\"widget\" data-e-type=\"widget\" data-widget_type=\"image-box.default\">\n\t\t\t\t<div class=\"elementor-widget-container\">\n\t\t\t\t\t<div class=\"elementor-image-box-wrapper\"><figure class=\"elementor-image-box-img\"><a href=\"https:\/\/www.sustainability.com\/globalassets\/sustainability.com\/thinking\/pdfs\/2021\/ermsi-2021trendsreport.pdf\" target=\"_blank\" tabindex=\"-1\" rel=\"noopener\"><img decoding=\"async\" src=\"https:\/\/nexosmasuno.com\/wp-content\/uploads\/2021\/03\/04.jpg\" title=\"04\" alt=\"04\" loading=\"lazy\" \/><\/a><\/figure><div class=\"elementor-image-box-content\"><h3 class=\"elementor-image-box-title\"><a href=\"https:\/\/www.sustainability.com\/globalassets\/sustainability.com\/thinking\/pdfs\/2021\/ermsi-2021trendsreport.pdf\" target=\"_blank\" rel=\"noopener\">Open Source: el camino hacia una moda democr\u00e1tica y (adem\u00e1s) sostenible<\/a><\/h3><p class=\"elementor-image-box-description\">Si hay algo que identifica a la moda es el estilo individual y personal de cada marca. Entonces, \u00bfc\u00f3mo es que el t\u00e9rmino open source para hablar de c\u00f3digo abierto en la moda est\u00e1 cobrando tanta fuerza? <\/p><\/div><\/div>\t\t\t\t<\/div>\n\t\t\t\t<\/div>\n\t\t\t\t<div class=\"elementor-element elementor-element-034ec3b elementor-button-info elementor-align-center elementor-widget elementor-widget-button\" data-id=\"034ec3b\" data-element_type=\"widget\" data-e-type=\"widget\" data-widget_type=\"button.default\">\n\t\t\t\t<div class=\"elementor-widget-container\">\n\t\t\t\t\t\t\t\t\t<div class=\"elementor-button-wrapper\">\n\t\t\t\t\t<a class=\"elementor-button elementor-button-link elementor-size-xs\" href=\"https:\/\/www.sustainability.com\/globalassets\/sustainability.com\/thinking\/pdfs\/2021\/ermsi-2021trendsreport.pdf\" target=\"_blank\" rel=\"noopener\">\n\t\t\t\t\t\t<span class=\"elementor-button-content-wrapper\">\n\t\t\t\t\t\t\t\t\t<span class=\"elementor-button-text\">Lee m\u00e1s aqu\u00ed<\/span>\n\t\t\t\t\t<\/span>\n\t\t\t\t\t<\/a>\n\t\t\t\t<\/div>\n\t\t\t\t\t\t\t\t<\/div>\n\t\t\t\t<\/div>\n\t\t\t\t\t<\/div>\n\t\t<\/div>\n\t\t\t\t\t<\/div>\n\t\t<\/section>\n\t\t\t\t<div class=\"elementor-element elementor-element-028e863 elementor-widget elementor-widget-image\" data-id=\"028e863\" data-element_type=\"widget\" data-e-type=\"widget\" data-widget_type=\"image.default\">\n\t\t\t\t<div class=\"elementor-widget-container\">\n\t\t\t\t\t\t\t\t\t\t\t\t\t\t\t\t<a href=\"https:\/\/nexosmasuno.com\/enel-peru-inauguro-bess-ventanilla-sistema-baterias-gran-capacidad\/\" target=\"_blank\">\n\t\t\t\t\t\t\t<img decoding=\"async\" width=\"800\" height=\"440\" src=\"https:\/\/nexosmasuno.com\/wp-content\/uploads\/2021\/03\/b01-1024x563.jpg\" class=\"attachment-large size-large wp-image-10942\" alt=\"\" srcset=\"https:\/\/nexosmasuno.com\/wp-content\/uploads\/2021\/03\/b01-1024x563.jpg 1024w, https:\/\/nexosmasuno.com\/wp-content\/uploads\/2021\/03\/b01-300x165.jpg 300w, https:\/\/nexosmasuno.com\/wp-content\/uploads\/2021\/03\/b01-768x422.jpg 768w, https:\/\/nexosmasuno.com\/wp-content\/uploads\/2021\/03\/b01-1536x844.jpg 1536w, https:\/\/nexosmasuno.com\/wp-content\/uploads\/2021\/03\/b01-2048x1125.jpg 2048w\" sizes=\"(max-width: 800px) 100vw, 800px\" \/>\t\t\t\t\t\t\t\t<\/a>\n\t\t\t\t\t\t\t\t\t\t\t\t\t\t\t<\/div>\n\t\t\t\t<\/div>\n\t\t\t\t<section class=\"elementor-section elementor-inner-section elementor-element elementor-element-ec83eb8 elementor-section-boxed elementor-section-height-default elementor-section-height-default\" data-id=\"ec83eb8\" data-element_type=\"section\" data-e-type=\"section\">\n\t\t\t\t\t\t<div class=\"elementor-container elementor-column-gap-default\">\n\t\t\t\t\t<div class=\"elementor-column elementor-col-50 elementor-inner-column elementor-element elementor-element-caf9d81\" data-id=\"caf9d81\" data-element_type=\"column\" data-e-type=\"column\">\n\t\t\t<div class=\"elementor-widget-wrap elementor-element-populated\">\n\t\t\t\t\t\t<div class=\"elementor-element elementor-element-8d17d55 elementor-position-top elementor-widget elementor-widget-image-box\" data-id=\"8d17d55\" data-element_type=\"widget\" data-e-type=\"widget\" data-widget_type=\"image-box.default\">\n\t\t\t\t<div class=\"elementor-widget-container\">\n\t\t\t\t\t<div class=\"elementor-image-box-wrapper\"><figure class=\"elementor-image-box-img\"><a href=\"https:\/\/stakeholders.com.pe\/medio-ambiente\/jetsmart-detalla-su-plan-de-sostenibilidad-con-llegada-de-primer-avion-de-su-flota-que-emplea-combustible-ecologico\/\" target=\"_blank\" tabindex=\"-1\" rel=\"noopener\"><img decoding=\"async\" src=\"https:\/\/nexosmasuno.com\/wp-content\/uploads\/2021\/03\/05.jpg\" title=\"05\" alt=\"05\" loading=\"lazy\" \/><\/a><\/figure><div class=\"elementor-image-box-content\"><h3 class=\"elementor-image-box-title\"><a href=\"https:\/\/stakeholders.com.pe\/medio-ambiente\/jetsmart-detalla-su-plan-de-sostenibilidad-con-llegada-de-primer-avion-de-su-flota-que-emplea-combustible-ecologico\/\" target=\"_blank\" rel=\"noopener\">JetSMART detalla su plan de sostenibilidad con llegada de primer avi\u00f3n de su flota que emplea combustible ecol\u00f3gico<\/a><\/h3><p class=\"elementor-image-box-description\">JetSMART recibi\u00f3 una nueva aeronave Airbus A320 Neo cargada con BioFuel, un combustible org\u00e1nico que disminuye en un 80% la huella de carbono emitida por la aeronave, estando dentro de las \u00fanicas 9 aerol\u00edneas a nivel mundial que han realizado la entrega de sus aviones con este elemento.<\/p><\/div><\/div>\t\t\t\t<\/div>\n\t\t\t\t<\/div>\n\t\t\t\t<div class=\"elementor-element elementor-element-0c0c2da elementor-button-info elementor-align-center elementor-widget elementor-widget-button\" data-id=\"0c0c2da\" data-element_type=\"widget\" data-e-type=\"widget\" data-widget_type=\"button.default\">\n\t\t\t\t<div class=\"elementor-widget-container\">\n\t\t\t\t\t\t\t\t\t<div class=\"elementor-button-wrapper\">\n\t\t\t\t\t<a class=\"elementor-button elementor-button-link elementor-size-xs\" href=\"https:\/\/stakeholders.com.pe\/medio-ambiente\/jetsmart-detalla-su-plan-de-sostenibilidad-con-llegada-de-primer-avion-de-su-flota-que-emplea-combustible-ecologico\/\" target=\"_blank\" rel=\"noopener\">\n\t\t\t\t\t\t<span class=\"elementor-button-content-wrapper\">\n\t\t\t\t\t\t\t\t\t<span class=\"elementor-button-text\">Lee m\u00e1s aqu\u00ed<\/span>\n\t\t\t\t\t<\/span>\n\t\t\t\t\t<\/a>\n\t\t\t\t<\/div>\n\t\t\t\t\t\t\t\t<\/div>\n\t\t\t\t<\/div>\n\t\t\t\t\t<\/div>\n\t\t<\/div>\n\t\t\t\t<div class=\"elementor-column elementor-col-50 elementor-inner-column elementor-element elementor-element-7ac05a7\" data-id=\"7ac05a7\" data-element_type=\"column\" data-e-type=\"column\">\n\t\t\t<div class=\"elementor-widget-wrap elementor-element-populated\">\n\t\t\t\t\t\t<div class=\"elementor-element elementor-element-91c748c elementor-position-top elementor-widget elementor-widget-image-box\" data-id=\"91c748c\" data-element_type=\"widget\" data-e-type=\"widget\" data-widget_type=\"image-box.default\">\n\t\t\t\t<div class=\"elementor-widget-container\">\n\t\t\t\t\t<div class=\"elementor-image-box-wrapper\"><figure class=\"elementor-image-box-img\"><a href=\"https:\/\/www.weforum.org\/agenda\/2021\/01\/how-we-live-and-work-will-change-so-will-the-cities-we-inhabit\/\" target=\"_blank\" tabindex=\"-1\" rel=\"noopener\"><img decoding=\"async\" src=\"https:\/\/nexosmasuno.com\/wp-content\/uploads\/2021\/03\/06.jpg\" title=\"06\" alt=\"06\" loading=\"lazy\" \/><\/a><\/figure><div class=\"elementor-image-box-content\"><h3 class=\"elementor-image-box-title\"><a href=\"https:\/\/www.weforum.org\/agenda\/2021\/01\/how-we-live-and-work-will-change-so-will-the-cities-we-inhabit\/\" target=\"_blank\" rel=\"noopener\">As\u00ed es como los crecientes riesgos globales cambiar\u00e1n nuestras ciudades<\/a><\/h3><p class=\"elementor-image-box-description\">COVID-19 expuso vulnerabilidades y desigualdades profundamente arraigadas en las ciudades que empeorar\u00e1n a medida que contin\u00fae la urbanizaci\u00f3n y se aceleren los flujos migratorios. Pero, con una planificaci\u00f3n cuidadosa, una adaptaci\u00f3n y las inversiones necesarias, las ciudades pueden convertirse en los nuevos centros de sostenibilidad del futuro.<\/p><\/div><\/div>\t\t\t\t<\/div>\n\t\t\t\t<\/div>\n\t\t\t\t<div class=\"elementor-element elementor-element-9efd05c elementor-button-info elementor-align-center elementor-widget elementor-widget-button\" data-id=\"9efd05c\" data-element_type=\"widget\" data-e-type=\"widget\" data-widget_type=\"button.default\">\n\t\t\t\t<div class=\"elementor-widget-container\">\n\t\t\t\t\t\t\t\t\t<div class=\"elementor-button-wrapper\">\n\t\t\t\t\t<a class=\"elementor-button elementor-button-link elementor-size-xs\" href=\"https:\/\/www.weforum.org\/agenda\/2021\/01\/how-we-live-and-work-will-change-so-will-the-cities-we-inhabit\/\" target=\"_blank\" rel=\"noopener\">\n\t\t\t\t\t\t<span class=\"elementor-button-content-wrapper\">\n\t\t\t\t\t\t\t\t\t<span class=\"elementor-button-text\">Lee m\u00e1s aqu\u00ed<\/span>\n\t\t\t\t\t<\/span>\n\t\t\t\t\t<\/a>\n\t\t\t\t<\/div>\n\t\t\t\t\t\t\t\t<\/div>\n\t\t\t\t<\/div>\n\t\t\t\t\t<\/div>\n\t\t<\/div>\n\t\t\t\t\t<\/div>\n\t\t<\/section>\n\t\t\t\t<div class=\"elementor-element elementor-element-2a218df elementor-widget elementor-widget-image\" data-id=\"2a218df\" data-element_type=\"widget\" data-e-type=\"widget\" data-widget_type=\"image.default\">\n\t\t\t\t<div class=\"elementor-widget-container\">\n\t\t\t\t\t\t\t\t\t\t\t\t\t\t\t\t<a href=\"https:\/\/nexosmasuno.com\/\/membresia\/prima-afp-futuro-sostenible-inversiones-responsables\/\" target=\"_blank\">\n\t\t\t\t\t\t\t<img decoding=\"async\" width=\"800\" height=\"215\" src=\"https:\/\/nexosmasuno.com\/wp-content\/uploads\/2021\/03\/b02-1024x275.jpg\" class=\"attachment-large size-large wp-image-10943\" alt=\"\" srcset=\"https:\/\/nexosmasuno.com\/wp-content\/uploads\/2021\/03\/b02-1024x275.jpg 1024w, https:\/\/nexosmasuno.com\/wp-content\/uploads\/2021\/03\/b02-300x81.jpg 300w, https:\/\/nexosmasuno.com\/wp-content\/uploads\/2021\/03\/b02-768x206.jpg 768w, https:\/\/nexosmasuno.com\/wp-content\/uploads\/2021\/03\/b02-1536x413.jpg 1536w, https:\/\/nexosmasuno.com\/wp-content\/uploads\/2021\/03\/b02.jpg 1876w\" sizes=\"(max-width: 800px) 100vw, 800px\" \/>\t\t\t\t\t\t\t\t<\/a>\n\t\t\t\t\t\t\t\t\t\t\t\t\t\t\t<\/div>\n\t\t\t\t<\/div>\n\t\t\t\t<div class=\"elementor-element elementor-element-85caa9f elementor-widget elementor-widget-image\" data-id=\"85caa9f\" data-element_type=\"widget\" data-e-type=\"widget\" data-widget_type=\"image.default\">\n\t\t\t\t<div class=\"elementor-widget-container\">\n\t\t\t\t\t\t\t\t\t\t\t\t\t\t\t\t<a href=\"https:\/\/nexosmasuno.com\/huella-carbono-peru-destaca-ferreycorp-empresas\/\" target=\"_blank\">\n\t\t\t\t\t\t\t<img loading=\"lazy\" decoding=\"async\" width=\"800\" height=\"440\" src=\"https:\/\/nexosmasuno.com\/wp-content\/uploads\/2021\/03\/b03-1024x563.jpg\" class=\"attachment-large size-large wp-image-10944\" alt=\"\" srcset=\"https:\/\/nexosmasuno.com\/wp-content\/uploads\/2021\/03\/b03-1024x563.jpg 1024w, https:\/\/nexosmasuno.com\/wp-content\/uploads\/2021\/03\/b03-300x165.jpg 300w, https:\/\/nexosmasuno.com\/wp-content\/uploads\/2021\/03\/b03-768x422.jpg 768w, https:\/\/nexosmasuno.com\/wp-content\/uploads\/2021\/03\/b03-1536x844.jpg 1536w, https:\/\/nexosmasuno.com\/wp-content\/uploads\/2021\/03\/b03-2048x1125.jpg 2048w\" sizes=\"(max-width: 800px) 100vw, 800px\" \/>\t\t\t\t\t\t\t\t<\/a>\n\t\t\t\t\t\t\t\t\t\t\t\t\t\t\t<\/div>\n\t\t\t\t<\/div>\n\t\t\t\t<div class=\"elementor-element elementor-element-bd56600 elementor-widget elementor-widget-spacer\" data-id=\"bd56600\" data-element_type=\"widget\" data-e-type=\"widget\" data-widget_type=\"spacer.default\">\n\t\t\t\t<div class=\"elementor-widget-container\">\n\t\t\t\t\t\t\t<div class=\"elementor-spacer\">\n\t\t\t<div class=\"elementor-spacer-inner\"><\/div>\n\t\t<\/div>\n\t\t\t\t\t\t<\/div>\n\t\t\t\t<\/div>\n\t\t\t\t<div class=\"elementor-element elementor-element-abd682b elementor-cta--layout-image-above elementor-cta--skin-classic elementor-animated-content elementor-bg-transform elementor-bg-transform-zoom-in elementor-widget elementor-widget-call-to-action\" data-id=\"abd682b\" data-element_type=\"widget\" data-e-type=\"widget\" data-settings=\"{&quot;motion_fx_motion_fx_scrolling&quot;:&quot;yes&quot;,&quot;motion_fx_devices&quot;:[&quot;desktop&quot;,&quot;tablet&quot;,&quot;mobile&quot;]}\" data-widget_type=\"call-to-action.default\">\n\t\t\t\t<div class=\"elementor-widget-container\">\n\t\t\t\t\t\t\t<a class=\"elementor-cta\" href=\"https:\/\/nexosmasuno.com\/\/#sub\">\n\t\t\t\t\t<div class=\"elementor-cta__bg-wrapper\">\n\t\t\t\t<div class=\"elementor-cta__bg elementor-bg\" style=\"background-image: url(https:\/\/nexosmasuno.com\/wp-content\/uploads\/2020\/02\/cabecera-news-feb20.jpg);\" role=\"img\" aria-label=\"cabecera-news-feb20\"><\/div>\n\t\t\t\t<div class=\"elementor-cta__bg-overlay\"><\/div>\n\t\t\t<\/div>\n\t\t\t\t\t\t\t<div class=\"elementor-cta__content\">\n\t\t\t\t\n\t\t\t\t\t\t\t\t\t<h2 class=\"elementor-cta__title elementor-cta__content-item elementor-content-item\">\n\t\t\t\t\t\t\u00danete a nuestra comunidad\t\t\t\t\t<\/h2>\n\t\t\t\t\n\t\t\t\t\t\t\t\t\t<div class=\"elementor-cta__description elementor-cta__content-item elementor-content-item\">\n\t\t\t\t\t\tPara recibir tendencias en sostenibilidad y noticias sobre cambio clim\u00e1tico\t\t\t\t\t<\/div>\n\t\t\t\t\n\t\t\t\t\t\t\t\t\t<div class=\"elementor-cta__button-wrapper elementor-cta__content-item elementor-content-item \">\n\t\t\t\t\t<span class=\"elementor-cta__button elementor-button elementor-size-\">\n\t\t\t\t\t\tSuscr\u00edbete aqu\u00ed\t\t\t\t\t<\/span>\n\t\t\t\t\t<\/div>\n\t\t\t\t\t\t\t<\/div>\n\t\t\t\t\t\t<\/a>\n\t\t\t\t\t\t<\/div>\n\t\t\t\t<\/div>\n\t\t\t\t<div class=\"elementor-element elementor-element-d5df858 elementor-widget elementor-widget-image\" data-id=\"d5df858\" data-element_type=\"widget\" data-e-type=\"widget\" data-widget_type=\"image.default\">\n\t\t\t\t<div class=\"elementor-widget-container\">\n\t\t\t\t\t\t\t\t\t\t\t\t\t\t\t<img loading=\"lazy\" decoding=\"async\" width=\"901\" height=\"224\" src=\"https:\/\/nexosmasuno.com\/wp-content\/uploads\/2020\/02\/separador.jpg\" class=\"attachment-full size-full wp-image-733\" alt=\"\" srcset=\"https:\/\/nexosmasuno.com\/wp-content\/uploads\/2020\/02\/separador.jpg 901w, https:\/\/nexosmasuno.com\/wp-content\/uploads\/2020\/02\/separador-300x75.jpg 300w, https:\/\/nexosmasuno.com\/wp-content\/uploads\/2020\/02\/separador-768x191.jpg 768w\" sizes=\"(max-width: 901px) 100vw, 901px\" \/>\t\t\t\t\t\t\t\t\t\t\t\t\t\t\t<\/div>\n\t\t\t\t<\/div>\n\t\t\t\t<div class=\"elementor-element elementor-element-b0e5365 elementor-widget elementor-widget-heading\" data-id=\"b0e5365\" data-element_type=\"widget\" data-e-type=\"widget\" data-widget_type=\"heading.default\">\n\t\t\t\t<div class=\"elementor-widget-container\">\n\t\t\t\t\t<h6 class=\"elementor-heading-title elementor-size-default\">Con el apoyo de:<\/h6>\t\t\t\t<\/div>\n\t\t\t\t<\/div>\n\t\t\t\t<div class=\"elementor-element elementor-element-f60d4f1 elementor-widget elementor-widget-image\" data-id=\"f60d4f1\" data-element_type=\"widget\" data-e-type=\"widget\" data-widget_type=\"image.default\">\n\t\t\t\t<div class=\"elementor-widget-container\">\n\t\t\t\t\t\t\t\t\t\t\t\t\t\t\t<img loading=\"lazy\" decoding=\"async\" width=\"800\" height=\"206\" src=\"https:\/\/nexosmasuno.com\/wp-content\/uploads\/2021\/03\/b05-1024x264.jpg\" class=\"attachment-large size-large wp-image-10945\" alt=\"\" srcset=\"https:\/\/nexosmasuno.com\/wp-content\/uploads\/2021\/03\/b05-1024x264.jpg 1024w, https:\/\/nexosmasuno.com\/wp-content\/uploads\/2021\/03\/b05-300x77.jpg 300w, https:\/\/nexosmasuno.com\/wp-content\/uploads\/2021\/03\/b05-768x198.jpg 768w, https:\/\/nexosmasuno.com\/wp-content\/uploads\/2021\/03\/b05-1536x396.jpg 1536w, https:\/\/nexosmasuno.com\/wp-content\/uploads\/2021\/03\/b05.jpg 1876w\" sizes=\"(max-width: 800px) 100vw, 800px\" \/>\t\t\t\t\t\t\t\t\t\t\t\t\t\t\t<\/div>\n\t\t\t\t<\/div>\n\t\t\t\t<div class=\"elementor-element elementor-element-c738091 elementor-widget elementor-widget-heading\" data-id=\"c738091\" data-element_type=\"widget\" data-e-type=\"widget\" data-widget_type=\"heading.default\">\n\t\t\t\t<div class=\"elementor-widget-container\">\n\t\t\t\t\t<h6 class=\"elementor-heading-title elementor-size-default\">En alianza estrat\u00e9gica con:<\/h6>\t\t\t\t<\/div>\n\t\t\t\t<\/div>\n\t\t\t\t<div class=\"elementor-element elementor-element-9fa0b97 elementor-widget elementor-widget-image\" data-id=\"9fa0b97\" data-element_type=\"widget\" data-e-type=\"widget\" data-widget_type=\"image.default\">\n\t\t\t\t<div class=\"elementor-widget-container\">\n\t\t\t\t\t\t\t\t\t\t\t\t\t\t\t<img loading=\"lazy\" decoding=\"async\" width=\"800\" height=\"116\" src=\"https:\/\/nexosmasuno.com\/wp-content\/uploads\/2021\/03\/b06-1024x148.jpg\" class=\"attachment-large size-large wp-image-10946\" alt=\"\" srcset=\"https:\/\/nexosmasuno.com\/wp-content\/uploads\/2021\/03\/b06-1024x148.jpg 1024w, https:\/\/nexosmasuno.com\/wp-content\/uploads\/2021\/03\/b06-300x43.jpg 300w, https:\/\/nexosmasuno.com\/wp-content\/uploads\/2021\/03\/b06-768x111.jpg 768w, https:\/\/nexosmasuno.com\/wp-content\/uploads\/2021\/03\/b06-1536x222.jpg 1536w, https:\/\/nexosmasuno.com\/wp-content\/uploads\/2021\/03\/b06.jpg 1876w\" sizes=\"(max-width: 800px) 100vw, 800px\" \/>\t\t\t\t\t\t\t\t\t\t\t\t\t\t\t<\/div>\n\t\t\t\t<\/div>\n\t\t\t\t<div class=\"elementor-element elementor-element-1d0ca6e elementor-widget elementor-widget-image\" data-id=\"1d0ca6e\" data-element_type=\"widget\" data-e-type=\"widget\" data-widget_type=\"image.default\">\n\t\t\t\t<div class=\"elementor-widget-container\">\n\t\t\t\t\t\t\t\t\t\t\t\t\t\t\t<img loading=\"lazy\" decoding=\"async\" width=\"901\" height=\"122\" src=\"https:\/\/nexosmasuno.com\/wp-content\/uploads\/2020\/02\/separador-fin-news-feb20.jpg\" class=\"attachment-full size-full wp-image-732\" alt=\"\" srcset=\"https:\/\/nexosmasuno.com\/wp-content\/uploads\/2020\/02\/separador-fin-news-feb20.jpg 901w, https:\/\/nexosmasuno.com\/wp-content\/uploads\/2020\/02\/separador-fin-news-feb20-300x41.jpg 300w, https:\/\/nexosmasuno.com\/wp-content\/uploads\/2020\/02\/separador-fin-news-feb20-768x104.jpg 768w\" sizes=\"(max-width: 901px) 100vw, 901px\" \/>\t\t\t\t\t\t\t\t\t\t\t\t\t\t\t<\/div>\n\t\t\t\t<\/div>\n\t\t\t\t\t<\/div>\n\t\t<\/div>\n\t\t\t\t\t<\/div>\n\t\t<\/section>\n\t\t\t\t<\/div>\n\t\t","protected":false},"excerpt":{"rendered":"<p>The WEF Global Risks Report identifies \"failure to act on climate action\" as one of the most likely risks and impacts to society.<\/p>","protected":false},"author":13,"featured_media":10939,"comment_status":"closed","ping_status":"closed","sticky":false,"template":"","format":"standard","meta":{"footnotes":""},"categories":[443],"tags":[],"pais":[],"tipo-de-nota":[],"formato":[],"class_list":["post-10937","post","type-post","status-publish","format-standard","has-post-thumbnail","hentry","category-ediciones"],"_links":{"self":[{"href":"https:\/\/nexosmasuno.com\/en\/wp-json\/wp\/v2\/posts\/10937","targetHints":{"allow":["GET"]}}],"collection":[{"href":"https:\/\/nexosmasuno.com\/en\/wp-json\/wp\/v2\/posts"}],"about":[{"href":"https:\/\/nexosmasuno.com\/en\/wp-json\/wp\/v2\/types\/post"}],"author":[{"embeddable":true,"href":"https:\/\/nexosmasuno.com\/en\/wp-json\/wp\/v2\/users\/13"}],"replies":[{"embeddable":true,"href":"https:\/\/nexosmasuno.com\/en\/wp-json\/wp\/v2\/comments?post=10937"}],"version-history":[{"count":14,"href":"https:\/\/nexosmasuno.com\/en\/wp-json\/wp\/v2\/posts\/10937\/revisions"}],"predecessor-version":[{"id":20718,"href":"https:\/\/nexosmasuno.com\/en\/wp-json\/wp\/v2\/posts\/10937\/revisions\/20718"}],"wp:featuredmedia":[{"embeddable":true,"href":"https:\/\/nexosmasuno.com\/en\/wp-json\/wp\/v2\/media\/10939"}],"wp:attachment":[{"href":"https:\/\/nexosmasuno.com\/en\/wp-json\/wp\/v2\/media?parent=10937"}],"wp:term":[{"taxonomy":"category","embeddable":true,"href":"https:\/\/nexosmasuno.com\/en\/wp-json\/wp\/v2\/categories?post=10937"},{"taxonomy":"post_tag","embeddable":true,"href":"https:\/\/nexosmasuno.com\/en\/wp-json\/wp\/v2\/tags?post=10937"},{"taxonomy":"pais","embeddable":true,"href":"https:\/\/nexosmasuno.com\/en\/wp-json\/wp\/v2\/pais?post=10937"},{"taxonomy":"tipo-de-nota","embeddable":true,"href":"https:\/\/nexosmasuno.com\/en\/wp-json\/wp\/v2\/tipo-de-nota?post=10937"},{"taxonomy":"formato","embeddable":true,"href":"https:\/\/nexosmasuno.com\/en\/wp-json\/wp\/v2\/formato?post=10937"}],"curies":[{"name":"wp","href":"https:\/\/api.w.org\/{rel}","templated":true}]}}